{"id":21418,"date":"2023-09-14T09:55:26","date_gmt":"2023-09-14T09:55:26","guid":{"rendered":"https:\/\/dekkbi.com\/?p=21418"},"modified":"2023-09-14T09:56:06","modified_gmt":"2023-09-14T09:56:06","slug":"sa-retraite-politique-annoncee-les-precisions-de-seydou-gueye","status":"publish","type":"post","link":"https:\/\/dekkbi.com\/?p=21418","title":{"rendered":"Sa retraite politique annonc\u00e9e : Les pr\u00e9cisions de Seydou Gueye"},"content":{"rendered":"\n<p>iGFM &#8211; (Dakar) Seydou Gueye a r\u00e9agi, suite \u00e0 l\u2019intention qui lui est pr\u00eat\u00e9e de se retirer de la politique. Il pr\u00e9cise n&rsquo;avoir jamais fait une telle annonce.<\/p>\n\n\n\n<p>Seydou Gueye a-t-il d\u00e9cid\u00e9 de quitter la politique ? L\u2019actuel porte-parole de l\u2019Alliance pour la R\u00e9publique (Apr) et responsable de la communication \u00e0 la pr\u00e9sidence de la R\u00e9publique, a tenu \u00e0 faire des pr\u00e9cisions. Dans une note parvenue \u00e0 iGFM, il d\u00e9clare que \u00abces all\u00e9gations sont dangereuses, mensong\u00e8res et d\u00e9nu\u00e9es de tout fondement.\u00bb<\/p>\n\n\n\n<p>\u00abJe suis aujourd&rsquo;hui encore plus engag\u00e9 qu&rsquo;hier pour la victoire de BBY au service exclusif de notre cause commune le d\u00e9veloppement de notre cher pays dans le cadre de mon parti L&rsquo;Alliance pour la R\u00e9publique o\u00f9 j&rsquo;assume les responsabilit\u00e9s de porte-parole national\u00bb, pr\u00e9cise-t-il, soup\u00e7onnant une intention de nuire.<\/p>\n","protected":false},"excerpt":{"rendered":"<p>iGFM &#8211; (Dakar) Seydou Gueye a r\u00e9agi, suite \u00e0 l\u2019intention qui lui est pr\u00eat\u00e9e de se retirer de la politique.<\/p>\n","protected":false},"author":1,"featured_media":17887,"comment_status":"open","ping_status":"open","sticky":false,"template":"","format":"standard","meta":{"footnotes":""},"categories":[6],"tags":[],"class_list":["post-21418","post","type-post","status-publish","format-standard","has-post-thumbnail","hentry","category-politics"],"_links":{"self":[{"href":"https:\/\/dekkbi.com\/index.php?rest_route=\/wp\/v2\/posts\/21418","targetHints":{"allow":["GET"]}}],"collection":[{"href":"https:\/\/dekkbi.com\/index.php?rest_route=\/wp\/v2\/posts"}],"about":[{"href":"https:\/\/dekkbi.com\/index.php?rest_route=\/wp\/v2\/types\/post"}],"author":[{"embeddable":true,"href":"https:\/\/dekkbi.com\/index.php?rest_route=\/wp\/v2\/users\/1"}],"replies":[{"embeddable":true,"href":"https:\/\/dekkbi.com\/index.php?rest_route=%2Fwp%2Fv2%2Fcomments&post=21418"}],"version-history":[{"count":1,"href":"https:\/\/dekkbi.com\/index.php?rest_route=\/wp\/v2\/posts\/21418\/revisions"}],"predecessor-version":[{"id":21419,"href":"https:\/\/dekkbi.com\/index.php?rest_route=\/wp\/v2\/posts\/21418\/revisions\/21419"}],"wp:featuredmedia":[{"embeddable":true,"href":"https:\/\/dekkbi.com\/index.php?rest_route=\/wp\/v2\/media\/17887"}],"wp:attachment":[{"href":"https:\/\/dekkbi.com\/index.php?rest_route=%2Fwp%2Fv2%2Fmedia&parent=21418"}],"wp:term":[{"taxonomy":"category","embeddable":true,"href":"https:\/\/dekkbi.com\/index.php?rest_route=%2Fwp%2Fv2%2Fcategories&post=21418"},{"taxonomy":"post_tag","embeddable":true,"href":"https:\/\/dekkbi.com\/index.php?rest_route=%2Fwp%2Fv2%2Ftags&post=21418"}],"curies":[{"name":"wp","href":"https:\/\/api.w.org\/{rel}","templated":true}]}}