{"id":21410,"date":"2023-09-14T09:42:00","date_gmt":"2023-09-14T09:42:00","guid":{"rendered":"https:\/\/dekkbi.com\/?p=21410"},"modified":"2023-09-14T09:42:00","modified_gmt":"2023-09-14T09:42:00","slug":"selection-des-finalistes-du-prix-mondial-du-pluralisme-2023","status":"publish","type":"post","link":"https:\/\/dekkbi.com\/?p=21410","title":{"rendered":"S\u00c9LECTION DES FINALISTES DU PRIX MONDIAL DU PLURALISME\u00a02023"},"content":{"rendered":"\n<p>OTTAWA, Ontario,\u00a014 septembre 2023\u00a0\/PRNewswire\/ &#8212; Pour r\u00e9pondre au besoin urgent de soutenir les contributions positives en faveur de la diversit\u00e9, le\u00a0Centre mondial du pluralisme\u00a0a annonc\u00e9 aujourd&rsquo;hui les 10\u00a0finalistes du\u00a0Prix mondial du pluralisme\u00a02023. Le prix c\u00e9l\u00e8bre le travail inspirant et courageux qui contribue \u00e0 b\u00e2tir des soci\u00e9t\u00e9s plus inclusives, o\u00f9 la diversit\u00e9 est valoris\u00e9e et prot\u00e9g\u00e9e.<\/p>\n\n\n\n<p>\u00ab&nbsp;<em>La cr\u00e9ativit\u00e9, le courage et l&rsquo;engagement des finalistes de cette ann\u00e9e ont une importance capitale en cette p\u00e9riode<\/em>, a d\u00e9clar\u00e9&nbsp;<strong>Meredith&nbsp;Preston&nbsp;McGhie<\/strong>,&nbsp;<strong>secr\u00e9taire g\u00e9n\u00e9rale du Centre mondial du pluralisme<\/strong>.&nbsp;<em>Alors que le monde entier fait face \u00e0 une polarisation croissante, il est essentiel de mettre en valeur les contributions des leaders du pluralisme, qui cr\u00e9ent des soci\u00e9t\u00e9s plus inclusives et pacifiques o\u00f9 la diversit\u00e9 est valoris\u00e9e. J&rsquo;esp\u00e8re que ces exemples nous encourageront tous \u00e0 suivre leur exemple et \u00e0 agir<\/em>.&nbsp;\u00bb<\/p>\n\n\n\n<p>Le pr\u00e9sident du jury<strong>, le Dr&nbsp;Marwan&nbsp;Muasher<\/strong>, membre du Carnegie Endowment for International Peace et ancien ministre des Affaires \u00e9trang\u00e8res et vice-premier ministre de Jordanie, a affirm\u00e9&nbsp;: \u00ab&nbsp;<em>Les finalistes du Prix ont apport\u00e9 une contribution exceptionnelle \u00e0 la promotion du pluralisme dans certains des contextes les plus difficiles du monde. Ils renforcent leurs collectivit\u00e9s en les aidant \u00e0 jeter les bases d&rsquo;un respect mutuel, d&rsquo;une coop\u00e9ration et d&rsquo;un but commun<\/em>.&nbsp;\u00bb<\/p>\n\n\n\n<p>Les nomin\u00e9s font l&rsquo;objet d&rsquo;un examen rigoureux et les finalistes sont s\u00e9lectionn\u00e9s par un jury international ind\u00e9pendant d&rsquo;experts. Les finalistes de cette ann\u00e9e s&rsquo;efforcent de renforcer le pluralisme au sein de leurs soci\u00e9t\u00e9s, et ce dans un large \u00e9ventail de domaines, dont la consolidation de la paix, la traduction, les entreprises sociales, la th\u00e9rapie sportive, la narration, la technologie et d&rsquo;autres encore.<\/p>\n\n\n\n<p>Parmi les 10&nbsp;finalistes, trois&nbsp;seront d\u00e9sign\u00e9s vainqueurs et sept&nbsp;recevront une mention honorable lors d&rsquo;une c\u00e9r\u00e9monie pr\u00e9vue en novembre \u00e0 Ottawa, au Canada. Chaque gagnant recevra la somme de 50&nbsp;000&nbsp;$ (CAD) pour l&rsquo;aider \u00e0 poursuivre son travail en faveur du pluralisme.<\/p>\n\n\n\n<p><strong><u>Voici les finalistes du Prix mondial du pluralisme&nbsp;2023&nbsp;:<\/u><\/strong><\/p>\n\n\n\n<p><strong>Build Up<\/strong>&nbsp;<strong>(Kenya\/\u00c9tats-Unis\/Monde)<br><\/strong><strong>Deeyah&nbsp;Khan (Norv\u00e8ge\/\u00c9tats-Unis)<br><\/strong><strong>Esther&nbsp;Omam (Cameroun)<br><\/strong><strong>Le Global Interfaith Network for People of All Sexes, Sexual Orientations, Gender Identities and Expressions \u2013 GIN-SSOGIE<\/strong>&nbsp;<strong>(Afrique du Sud\/Monde)<br><\/strong><strong>India Love Project (Inde)<br><\/strong><strong>Lea&nbsp;Baroudi (Liban)<br><\/strong><strong>Politize! Institut d&rsquo;\u00e9ducation civique (Br\u00e9sil)<br><\/strong><strong>Red de Int\u00e9rpretes y Promotores Interculturales Asociaci\u00f3n Civil (Mexique)<br><\/strong><strong>REFORM&nbsp;:<\/strong>&nbsp;<strong>L&rsquo;Association palestinienne pour l&rsquo;autonomisation et le d\u00e9veloppement local (Palestine)<br><\/strong><strong>Touch\u00e9 (Belgique)<\/strong><\/p>\n","protected":false},"excerpt":{"rendered":"<p>OTTAWA, Ontario,\u00a014 septembre 2023\u00a0\/PRNewswire\/ &#8212; Pour r\u00e9pondre au besoin urgent de soutenir les contributions positives en faveur de la diversit\u00e9,<\/p>\n","protected":false},"author":1,"featured_media":21411,"comment_status":"open","ping_status":"open","sticky":false,"template":"","format":"standard","meta":{"footnotes":""},"categories":[51],"tags":[],"class_list":["post-21410","post","type-post","status-publish","format-standard","has-post-thumbnail","hentry","category-general"],"_links":{"self":[{"href":"https:\/\/dekkbi.com\/index.php?rest_route=\/wp\/v2\/posts\/21410","targetHints":{"allow":["GET"]}}],"collection":[{"href":"https:\/\/dekkbi.com\/index.php?rest_route=\/wp\/v2\/posts"}],"about":[{"href":"https:\/\/dekkbi.com\/index.php?rest_route=\/wp\/v2\/types\/post"}],"author":[{"embeddable":true,"href":"https:\/\/dekkbi.com\/index.php?rest_route=\/wp\/v2\/users\/1"}],"replies":[{"embeddable":true,"href":"https:\/\/dekkbi.com\/index.php?rest_route=%2Fwp%2Fv2%2Fcomments&post=21410"}],"version-history":[{"count":1,"href":"https:\/\/dekkbi.com\/index.php?rest_route=\/wp\/v2\/posts\/21410\/revisions"}],"predecessor-version":[{"id":21412,"href":"https:\/\/dekkbi.com\/index.php?rest_route=\/wp\/v2\/posts\/21410\/revisions\/21412"}],"wp:featuredmedia":[{"embeddable":true,"href":"https:\/\/dekkbi.com\/index.php?rest_route=\/wp\/v2\/media\/21411"}],"wp:attachment":[{"href":"https:\/\/dekkbi.com\/index.php?rest_route=%2Fwp%2Fv2%2Fmedia&parent=21410"}],"wp:term":[{"taxonomy":"category","embeddable":true,"href":"https:\/\/dekkbi.com\/index.php?rest_route=%2Fwp%2Fv2%2Fcategories&post=21410"},{"taxonomy":"post_tag","embeddable":true,"href":"https:\/\/dekkbi.com\/index.php?rest_route=%2Fwp%2Fv2%2Ftags&post=21410"}],"curies":[{"name":"wp","href":"https:\/\/api.w.org\/{rel}","templated":true}]}}