{"id":21405,"date":"2023-09-13T15:56:31","date_gmt":"2023-09-13T15:56:31","guid":{"rendered":"https:\/\/dekkbi.com\/?p=21405"},"modified":"2023-09-13T15:56:32","modified_gmt":"2023-09-13T15:56:32","slug":"menaces-dembrasement-dans-le-nord-du-mali-des-cles-pour-comprendre","status":"publish","type":"post","link":"https:\/\/dekkbi.com\/?p=21405","title":{"rendered":"Menaces d&#8217;embrasement dans le nord du Mali: des cl\u00e9s pour comprendre"},"content":{"rendered":"\n<p>Avec la reprise des hostilit\u00e9s par les groupes s\u00e9paratistes du nord et apr\u00e8s avoir pouss\u00e9 dehors les forces fran\u00e7aises et onusiennes, l\u2019arm\u00e9e malienne se retrouve, avec ses partenaires russes, face \u00e0 un adversaire de plus sur un vaste territoire dont une grande partie \u00e9chappe \u00e0 son contr\u00f4le. Des cl\u00e9s pour comprendre.<\/p>\n\n\n\n<p><strong>Que s&rsquo;est-il pass\u00e9 mardi ?<\/strong><\/p>\n\n\n\n<p>Des groupes arm\u00e9s \u00e0 dominante touareg partisans de l&rsquo;ind\u00e9pendance ou de l&rsquo;autonomie du nord du Mali ont attaqu\u00e9 des positions de l&rsquo;arm\u00e9e \u00e0 Bourem. C&rsquo;est la premi\u00e8re op\u00e9ration d&rsquo;ampleur revendiqu\u00e9e par ces groupes, signataires d&rsquo;un accord de paix en 2015, apr\u00e8s des mois de tensions.&nbsp;<br>L&rsquo;arm\u00e9e a repris ses positions. Les deux camps livrent des versions diam\u00e9tralement oppos\u00e9es et difficilement v\u00e9rifiables quant au bilan et au vainqueur. L&rsquo;arm\u00e9e dit que 10 de ses soldats sont morts et qu&rsquo;elle a \u00ab\u00a0neutralis\u00e9\u00a0\u00bb 46 \u00ab\u00a0terroristes\u00a0\u00bb.&nbsp;<br>Les groupes arm\u00e9s disent eux avoir tu\u00e9 97 soldats, en avoir captur\u00e9 5 et avoir perdu 9 hommes. Cette op\u00e9ration ressemble fort \u00e0 une reprise ouverte des hostilit\u00e9s et \u00e0 la fin de l&rsquo;accord de 2015.&nbsp;<\/p>\n\n\n\n<p><strong>Qui sont les acteurs ?<\/strong><br>Le principal protagoniste du c\u00f4t\u00e9 de la r\u00e9bellion est la Coordination des mouvements de l&rsquo;Azawad (CMA), alliance de groupes arm\u00e9s \u00e0 dominante touareg, population traditionnellement nomade qui s&rsquo;est soulev\u00e9e \u00e0 plusieurs reprises depuis 1962. Ces groupes ont repris les armes en 2012 pour l&rsquo;ind\u00e9pendance ou l&rsquo;autonomie. Apr\u00e8s un cessez-le-feu en 2014, la CMA a sign\u00e9 en 2015 avec le gouvernement et des groupes loyalistes qui combattaient \u00e0 ses c\u00f4t\u00e9s l&rsquo;accord de paix dit d&rsquo;Alger, aujourd&rsquo;hui moribond.<br>&nbsp;L&rsquo;insurrection de 2012 a ouvert la voie \u00e0 des groupes arm\u00e9s li\u00e9s \u00e0 Al-Qa\u00efda qui ont conquis l\u2019essentiel du nord, d\u00e9clenchant une intervention militaire de la France et plongeant le Sahel dans la guerre dont les victimes se comptent par milliers.&nbsp;<br>Le Groupe de soutien \u00e0 l&rsquo;islam et aux musulmans (GSIM), affili\u00e9 \u00e0 Al-Qa\u00efda, op\u00e8re sur une large partie du territoire, au nord, dans le centre, et jusque dans la p\u00e9riph\u00e9rie de la capitale. Au nord-est, les groupes affili\u00e9s \u00e0 l&rsquo;organisation Etat islamique ont \u00e9tendu leur emprise sur la quasi totalit\u00e9 des cercles administratifs de la r\u00e9gion de M\u00e9naka. \u00ab\u00a0Une grande partie du nord du pays est tomb\u00e9e sous la domination de fait de groupes islamistes militants\u00a0\u00bb, dit le think-tank am\u00e9ricain Centre d\u2019\u00e9tudes strat\u00e9giques de l\u2019Afrique.<br>&nbsp;Apr\u00e8s le double putsch de 2020 et 2021, la junte malienne a pouss\u00e9 vers la sortie la force antijihadiste fran\u00e7aise en 2022 et la force de l&rsquo;ONU (Minusma) en 2023. Elle est largement consid\u00e9r\u00e9e s&rsquo;\u00eatre adjoint les services de la soci\u00e9t\u00e9 paramilitaire russe Wagner, malgr\u00e9 ses d\u00e9mentis.<\/p>\n\n\n\n<p><strong>&nbsp;Quel effet le retrait de la Minusma a-t-il ?&nbsp;<\/strong><br>Le retrait des Casques bleus doit s&rsquo;achever d&rsquo;ici au 31 d\u00e9cembre. La Minusma \u00e9tait commun\u00e9ment critiqu\u00e9e pour sa contribution jug\u00e9e insuffisante \u00e0 la lutte contre le jihadisme. Elle \u00e9tait cependant seule capable de s\u2019interposer entre les ind\u00e9pendantistes touareg et l\u2019arm\u00e9e malienne.&nbsp;<br>Son d\u00e9part progressif passe pour avoir contribu\u00e9 \u00e0 l&rsquo;escalade au nord. La Minusma remet ses camps aux autorit\u00e9s maliennes. Mais dans la lutte territoriale en cours, les s\u00e9paratistes estiment que les emprises onusiennes devraient revenir sous leur contr\u00f4le. Le sujet deviendra encore plus br\u00fblant d&rsquo;ici \u00e0 fin 2023 avec le camp de Kidal, ville bastion des Touareg.<\/p>\n\n\n\n<p><strong>&nbsp;Quelles sont les dynamiques ?&nbsp;<\/strong><br>GSIM et groupes affili\u00e9s \u00e0 l&rsquo;Etat islamique combattent l&rsquo;arm\u00e9e. Ils se gardent d&rsquo;attaquer les agglom\u00e9rations mais se disputent mutuellement les ressources (points d&rsquo;eau, mines d&rsquo;or, taxation des populations) au prix de combats sanglants et de d\u00e9placements massifs de populations. Les groupes \u00e0 dominante touareg se battent contre les jihadistes et, \u00e0 nouveau semble-t-il, l&rsquo;arm\u00e9e.&nbsp;<br>Dans cet enchev\u00eatrement se tissent des alliances. La question d&rsquo;une alliance de circonstance entre ind\u00e9pendantistes et GSIM est pos\u00e9e. \u00ab\u00a0Il peut y avoir des alli\u00e9s circonstanciels, temporaires, qui vont s\u2019affronter demain. Notre v\u00e9ritable ennemi, ce sont les FAMA\u00a0\u00bb, forces arm\u00e9es maliennes, assure un cadre d&rsquo;un groupe arm\u00e9 sous couvert de l\u2019anonymat, tout en r\u00e9futant toute collaboration avec les jihadistes.&nbsp;<\/p>\n\n\n\n<p><strong>\u00a0Quelles perspectives ?<\/strong><br>La junte au pouvoir \u00e0 Bamako a fait de la reconqu\u00eate du territoire son mantra et privil\u00e9gie l\u2019option militaire. Malgr\u00e9 la ma\u00eetrise a\u00e9rienne, l&rsquo;ouverture d\u2019un front suppl\u00e9mentaire risque de mettre \u00e0 l&rsquo;\u00e9preuve une arm\u00e9e d\u00e9j\u00e0 \u00e9tir\u00e9e en m\u00eame temps que les assurances de la junte de redressement de la situation s\u00e9curitaire.\u00a0<br>\u00a0\u00ab\u00a0Le Mali est en passe de subir plus de 1.000 \u00e9v\u00e9nements violents impliquant des groupes islamistes militants en 2023, ce qui \u00e9clipserait les niveaux de violence record de l\u2019ann\u00e9e derni\u00e8re et repr\u00e9senterait une multiplication par presque trois par rapport au moment o\u00f9 la junte a pris le pouvoir en 2020\u00a0\u00bb, dit le Centre d\u2019\u00e9tudes strat\u00e9giques de l\u2019Afrique.<\/p>\n\n\n\n<p>Source &#8211; AFP<\/p>\n","protected":false},"excerpt":{"rendered":"<p>Avec la reprise des hostilit\u00e9s par les groupes s\u00e9paratistes du nord et apr\u00e8s avoir pouss\u00e9 dehors les forces fran\u00e7aises et<\/p>\n","protected":false},"author":1,"featured_media":21406,"comment_status":"open","ping_status":"open","sticky":false,"template":"","format":"standard","meta":{"footnotes":""},"categories":[51],"tags":[],"class_list":["post-21405","post","type-post","status-publish","format-standard","has-post-thumbnail","hentry","category-general"],"_links":{"self":[{"href":"https:\/\/dekkbi.com\/index.php?rest_route=\/wp\/v2\/posts\/21405","targetHints":{"allow":["GET"]}}],"collection":[{"href":"https:\/\/dekkbi.com\/index.php?rest_route=\/wp\/v2\/posts"}],"about":[{"href":"https:\/\/dekkbi.com\/index.php?rest_route=\/wp\/v2\/types\/post"}],"author":[{"embeddable":true,"href":"https:\/\/dekkbi.com\/index.php?rest_route=\/wp\/v2\/users\/1"}],"replies":[{"embeddable":true,"href":"https:\/\/dekkbi.com\/index.php?rest_route=%2Fwp%2Fv2%2Fcomments&post=21405"}],"version-history":[{"count":1,"href":"https:\/\/dekkbi.com\/index.php?rest_route=\/wp\/v2\/posts\/21405\/revisions"}],"predecessor-version":[{"id":21407,"href":"https:\/\/dekkbi.com\/index.php?rest_route=\/wp\/v2\/posts\/21405\/revisions\/21407"}],"wp:featuredmedia":[{"embeddable":true,"href":"https:\/\/dekkbi.com\/index.php?rest_route=\/wp\/v2\/media\/21406"}],"wp:attachment":[{"href":"https:\/\/dekkbi.com\/index.php?rest_route=%2Fwp%2Fv2%2Fmedia&parent=21405"}],"wp:term":[{"taxonomy":"category","embeddable":true,"href":"https:\/\/dekkbi.com\/index.php?rest_route=%2Fwp%2Fv2%2Fcategories&post=21405"},{"taxonomy":"post_tag","embeddable":true,"href":"https:\/\/dekkbi.com\/index.php?rest_route=%2Fwp%2Fv2%2Ftags&post=21405"}],"curies":[{"name":"wp","href":"https:\/\/api.w.org\/{rel}","templated":true}]}}