{"id":21291,"date":"2023-09-12T10:56:27","date_gmt":"2023-09-12T10:56:27","guid":{"rendered":"https:\/\/dekkbi.com\/?p=21291"},"modified":"2023-09-12T10:56:28","modified_gmt":"2023-09-12T10:56:28","slug":"immobilier-construction-de-la-cite-des-journalistes-mame-less-camara-lapres-sollicite-lappui-financier-du-chef-de-letat","status":"publish","type":"post","link":"https:\/\/dekkbi.com\/?p=21291","title":{"rendered":"Immobilier \u2013 Construction de la Cit\u00e9 des journalistes Mame Less Camara : L\u2019Apres sollicite l\u2019appui financier du chef de l\u2019Etat"},"content":{"rendered":"\n<p><strong>L\u2019Association pour l\u2019entraide et la solidarit\u00e9 (Apres), mise en place par les acteurs des m\u00e9dias, veut \u00e9riger la Cit\u00e9 Mass Less Camara \u00e0 Thi\u00e9o dans la communaut\u00e9 de Notto Diobass.\u00a0En citant Madiambal Diagne comme exemple, l\u2019Apres esp\u00e8re que son projet aboutira rapidement et demande le soutien financier du chef de l\u2019Etat.<\/strong><\/p>\n\n\n<div class=\"wp-block-image\">\n<figure class=\"alignright\"><img decoding=\"async\" src=\"https:\/\/lequotidien.sn\/wp-content\/uploads\/2023\/09\/Apres.jpg\" alt=\"\" class=\"wp-image-179498\"\/><\/figure>\n<\/div>\n\n\n<p><strong>Par Justin GOMIS \u2013&nbsp;<\/strong>Le projet de la cit\u00e9 des journalistes Mame Less Camara est dans une bonne dynamique. Les pi\u00e8ces de ce puzzle prennent petit \u00e0 petit forme. En compagnie du promoteur et de son \u00e9quipe, une d\u00e9l\u00e9gation de journalistes, avec \u00e0 sa t\u00eate le pr\u00e9sident de l\u2019Apres, a effectu\u00e9 ce samedi une visite du site \u00e0 Thi\u00e9o dans la communaut\u00e9 de Notto Diobass. \u00abAujourd\u2019hui c\u2019est peut-\u00eatre l\u2019avant-derni\u00e8re rencontre solennelle parce que dans quelques jours, nous allons signer un protocole qui va lier l\u2019Apres, la coop\u00e9rative, le promoteur et les villageois\u00bb, a annonc\u00e9 Sambou Biagui.<\/p>\n\n\n\n<p>A l\u2019en croire, c\u2019\u00e9tait une recommandation du bureau de la coop\u00e9rative de l\u2019Association pour l\u2019entraide et la solidarit\u00e9 (Apres) de discuter avec le promoteur pour une visite sur le site. Saisissant ainsi l\u2019opportunit\u00e9, Sambou Biagui n\u2019a pas manqu\u00e9 de remercier le chef du village qui s\u2019est impliqu\u00e9 dans la d\u00e9marche pour permettre \u00e0 la presse s\u00e9n\u00e9galaise d\u2019acqu\u00e9rir une maison. \u00abLes mots du chef du village me vont droit au c\u0153ur. Cela prouve aujourd\u2019hui que nous allons vers un village de paix, vers une localit\u00e9 o\u00f9 r\u00e9gnera la paix. Dans beaucoup de situations comme \u00e7a, vous entendez les villageois rousp\u00e9ter. Ce qui n\u2019est pas le cas ici. Le promoteur a \u00e9t\u00e9 tr\u00e8s clair. Ce projet est accompagn\u00e9 par les villageois, en particulier la jeunesse\u00bb, a-t-il rassur\u00e9 ses confr\u00e8res qui ne conna\u00eetront pas des probl\u00e8mes de litiges fonciers. Mais, pour traduire ce r\u00eave en r\u00e9alit\u00e9, l\u2019Apres compte sur le soutien du chef de l\u2019Etat \u00e0 travers son programme de 100 mille logements sociaux. \u00abNous lan\u00e7ons un appel au chef de l\u2019Etat pour valoriser ce projet de logements sociaux. Nous voulons qu\u2019il nous accompagne dans ce projet. Il lui reste quelques mois \u00e0 la t\u00eate de ce pays. J\u2019aimerais qu\u2019il vienne personnellement proc\u00e9der \u00e0 la pose de la premi\u00e8re pri\u00e8re de la cit\u00e9 de la presse avant qu\u2019il ne parte. Que l\u2019ensemble de la presse nationale et de la sous-r\u00e9gion se d\u00e9place. La presse de la sous-r\u00e9gion a pris l\u2019engagement de r\u00e9aliser ce genre de projet dans les diff\u00e9rents pays. J\u2019aimerais, le jour de la pose de la premi\u00e8re pierre, qu\u2019on invite aussi la presse de la sous-r\u00e9gion pour venir voir ce qu\u2019on est en train de r\u00e9aliser sur ce site de Thi\u00e9o. Nous lan\u00e7ons \u00e9galement un appel aux autorit\u00e9s concern\u00e9es de nous accompagner\u00bb, a dit le Pr\u00e9sident Biagui.<\/p>\n\n\n\n<p>Selon lui, la r\u00e9alisation de ce projet aiderait \u00e0 enlever une \u00e9pine dans le cadre de la libert\u00e9 de la presse. \u00abOn ne peut pas \u00eatre libre quand on n\u2019a pas acc\u00e8s \u00e0 certaines choses. On ne peut pas \u00e9crire librement, parler librement, si on n\u2019est pas libre sur le plan professionnel, si on n\u2019a pas la conscience libre. Permettre \u00e0 la presse d\u2019acc\u00e9der \u00e0 ces logements sociaux est un aspect tr\u00e8s important\u00bb, a-t-il fait savoir. Et c\u2019est dans ce sens que M. Biagui a invit\u00e9 aussi tous les acteurs de la presse dont le minist\u00e8re de la Communication \u00e0 accompagner les journalistes pour la r\u00e9alisation de ce projet qui leur tient beaucoup \u00e0 c\u0153ur. \u00abJe ne veux pas parler de Mame Less Camara. Il est impensable aujourd\u2019hui qu\u2019il soit dans cette presse apr\u00e8s y avoir pass\u00e9 toute sa carri\u00e8re de mani\u00e8re professionnelle et apr\u00e8s sa disparition, on trouve qu\u2019il n\u2019a pas de logement. \u00c7a fait mal\u00bb, a-t-il dit en laissant couler des larmes. Tr\u00e8s optimiste, le pr\u00e9sident de l\u2019Apres pense qu\u2019avec la r\u00e9alisation de ce projet, la situation de journalistes s\u00e9n\u00e9galais sans habitat ne sera bient\u00f4t qu\u2019un mauvais souvenir. Mais, l\u2019Association de la presse pour l\u2019entraide et la solidarit\u00e9 (Apres) ne compte pas seulement trouver un toit aux jeunes confr\u00e8res de Mame Less Camara. Elle promet de faire preuve d\u2019altruisme \u00e0 l\u2019endroit des journalistes qui se sont illustr\u00e9s dans la presse et qui aujourd\u2019hui sont frapp\u00e9s par la maladie. \u00abNous allons donner un toit \u00e0 Simon Meledji, au photographe Abdou Aziz Bathily, \u00e0 Diatou Ciss\u00e9 et \u00e0 Mamadou Thior\u00bb, a inform\u00e9 Sambou Biagui.<\/p>\n\n\n\n<p><strong>Madiambal Diagne cit\u00e9 en exemple<\/strong><\/p>\n\n\n\n<p><br>Pour l\u2019acquisition de ces parcelles de 225 m2, les journalistes devront \u00eatre d\u2019abord membres de l\u2019Apres. Ensuite, ils pourront disposer des parcelles moyennant la somme de 1,8 million l\u2019unit\u00e9. En attendant, Sambou Biagui et ses camarades sollicitent une audience et un appui financier du chef de l\u2019Etat pour d\u00e9bloquer cette situation afin de permettre aux journalistes d\u2019avoir un toit. \u00abSi on a le foncier et un partenaire pr\u00eat \u00e0 construire, le journaliste pourrait disposer de sa maison sans d\u00e9penser un sou\u00bb, a promis le pr\u00e9sident de l\u2019Apres.<\/p>\n\n\n\n<p>Pour le moment, il n\u2019y a que les terrains qui sont disponibles. Mais l\u2019id\u00e9al, ce serait d\u2019aller vers la construction de maisons pour les journalistes comme Madiambal Diagne l\u2019a fait pour ses employ\u00e9s. \u00abJe magnifie l\u2019acte pos\u00e9 par le Madiambal Diagne en dotant son personnel de villas cl\u00e9s \u00e0 main. Je le f\u00e9licite et l\u2019encourage par rapport \u00e0 ce projet. C\u2019est un acte tr\u00e8s fort. Si tous les patrons de presse le faisaient, on n\u2019en serait pas l\u00e0\u00bb, remarque Sambou Biagui qui promet de rencontrer le patron du Groupe Avenir Communication avec une d\u00e9l\u00e9gation de l\u2019Apres pour le f\u00e9liciter de vive voix. Son geste doit faire cas d\u2019\u00e9cole si l\u2019on sait que le secteur de la presse est l\u2019un des plus pr\u00e9caires. \u00abBeaucoup de journalistes travaillent pendant des ann\u00e9es, des d\u00e9cennies et vont \u00e0 la retraite sans logement\u00bb, assure Amadou Kanout\u00e9, le vice-pr\u00e9sident de l\u2019Apres. Selon lui, il n\u2019y a pas pire que de vivre une telle situation. C\u2019est dans ce sens qu\u2019il a promis de rendre compte de ce projet des journalistes au directeur de la Communication, par ailleurs administrateur du fonds d\u2019appui de d\u00e9veloppement de la presse. \u00abJe ne peux pas vous faire des promesses, mais je suis s\u00fbr qu\u2019\u00e0 travers lui, il fera un compte rendu fid\u00e8le au ministre de la Communication, et je peux vous rassurer que le ministre fera quelque chose pour accompagner les journalistes\u00bb, a-t-il rassur\u00e9. Avant d\u2019ajouter que toutes les conditions sont r\u00e9unies pour que le pr\u00e9sident de la R\u00e9publique puisse intervenir.<\/p>\n\n\n\n<p>D\u2019ailleurs, \u00e0 en croire M. Thiaw, le chef de village de Thi\u00e9o, ce lotissement ne leur a pas \u00e9t\u00e9 impos\u00e9. \u00abCe sont les habitants de Thi\u00e9o qui l\u2019ont voulu pour en faire un usage \u00e0 habitat. Et tous les papiers sont disponibles\u00bb, dit-il. Ce que confirme le promoteur qui a promis d\u2019apporter aussi sa contribution \u00e0 la construction des maisons de la Cit\u00e9 de la presse Mame Less Camara.<\/p>\n\n\n\n<p><br><strong>justin@lequotidien.sn<\/strong><\/p>\n","protected":false},"excerpt":{"rendered":"<p>L\u2019Association pour l\u2019entraide et la solidarit\u00e9 (Apres), mise en place par les acteurs des m\u00e9dias, veut \u00e9riger la Cit\u00e9 Mass<\/p>\n","protected":false},"author":1,"featured_media":21292,"comment_status":"open","ping_status":"open","sticky":false,"template":"","format":"standard","meta":{"footnotes":""},"categories":[21],"tags":[],"class_list":["post-21291","post","type-post","status-publish","format-standard","has-post-thumbnail","hentry","category-societe"],"_links":{"self":[{"href":"https:\/\/dekkbi.com\/index.php?rest_route=\/wp\/v2\/posts\/21291","targetHints":{"allow":["GET"]}}],"collection":[{"href":"https:\/\/dekkbi.com\/index.php?rest_route=\/wp\/v2\/posts"}],"about":[{"href":"https:\/\/dekkbi.com\/index.php?rest_route=\/wp\/v2\/types\/post"}],"author":[{"embeddable":true,"href":"https:\/\/dekkbi.com\/index.php?rest_route=\/wp\/v2\/users\/1"}],"replies":[{"embeddable":true,"href":"https:\/\/dekkbi.com\/index.php?rest_route=%2Fwp%2Fv2%2Fcomments&post=21291"}],"version-history":[{"count":1,"href":"https:\/\/dekkbi.com\/index.php?rest_route=\/wp\/v2\/posts\/21291\/revisions"}],"predecessor-version":[{"id":21293,"href":"https:\/\/dekkbi.com\/index.php?rest_route=\/wp\/v2\/posts\/21291\/revisions\/21293"}],"wp:featuredmedia":[{"embeddable":true,"href":"https:\/\/dekkbi.com\/index.php?rest_route=\/wp\/v2\/media\/21292"}],"wp:attachment":[{"href":"https:\/\/dekkbi.com\/index.php?rest_route=%2Fwp%2Fv2%2Fmedia&parent=21291"}],"wp:term":[{"taxonomy":"category","embeddable":true,"href":"https:\/\/dekkbi.com\/index.php?rest_route=%2Fwp%2Fv2%2Fcategories&post=21291"},{"taxonomy":"post_tag","embeddable":true,"href":"https:\/\/dekkbi.com\/index.php?rest_route=%2Fwp%2Fv2%2Ftags&post=21291"}],"curies":[{"name":"wp","href":"https:\/\/api.w.org\/{rel}","templated":true}]}}