{"id":21101,"date":"2023-09-10T10:18:46","date_gmt":"2023-09-10T10:18:46","guid":{"rendered":"https:\/\/dekkbi.com\/?p=21101"},"modified":"2023-09-10T10:18:47","modified_gmt":"2023-09-10T10:18:47","slug":"convoque-par-la-dic-ibrahima-sall-asred-se-refugie-au-mali","status":"publish","type":"post","link":"https:\/\/dekkbi.com\/?p=21101","title":{"rendered":"Convoqu\u00e9 par la Dic, Ibrahima Sall (Asred) se r\u00e9fugie au Mali"},"content":{"rendered":"\n<p>Ibrahima Sall a fui le S\u00e9n\u00e9gal pour \u00e9chapper \u00e0 la Division des Investigations Criminelles (DIC), qui l\u2019a convoqu\u00e9, suite \u00e0 des propos tenus dans un m\u00e9dia de la place.<\/p>\n\n\n\n<p>Beaucoup s\u2019interrogeaient sur l\u2019absence du pr\u00e9sident de l\u2019Association pour la r\u00e9insertion des d\u00e9tenus (Asred) devant le petit \u00e9cran.<\/p>\n\n\n\n<p> Rassurez-vous, il est bien vivant. Dans une vid\u00e9o parvenue \u00e0 Senego, Ibrahima Sall dit s\u2019\u00eatre refugi\u00e9 au Mali.<\/p>\n\n\n\n<p>Rappelons que les propos de Ibrahima Sall relay\u00e9s sur Senego, avaient valu l\u2019arrestation d\u2019un journaliste du site d\u2019informations. C\u2019est suite \u00e0 cela d\u2019ailleurs qu\u2019il a \u00e9t\u00e9 convoqu\u00e9 par la DIC.<\/p>\n","protected":false},"excerpt":{"rendered":"<p>Ibrahima Sall a fui le S\u00e9n\u00e9gal pour \u00e9chapper \u00e0 la Division des Investigations Criminelles (DIC), qui l\u2019a convoqu\u00e9, suite \u00e0<\/p>\n","protected":false},"author":1,"featured_media":21102,"comment_status":"open","ping_status":"open","sticky":false,"template":"","format":"standard","meta":{"footnotes":""},"categories":[21],"tags":[],"class_list":["post-21101","post","type-post","status-publish","format-standard","has-post-thumbnail","hentry","category-societe"],"_links":{"self":[{"href":"https:\/\/dekkbi.com\/index.php?rest_route=\/wp\/v2\/posts\/21101","targetHints":{"allow":["GET"]}}],"collection":[{"href":"https:\/\/dekkbi.com\/index.php?rest_route=\/wp\/v2\/posts"}],"about":[{"href":"https:\/\/dekkbi.com\/index.php?rest_route=\/wp\/v2\/types\/post"}],"author":[{"embeddable":true,"href":"https:\/\/dekkbi.com\/index.php?rest_route=\/wp\/v2\/users\/1"}],"replies":[{"embeddable":true,"href":"https:\/\/dekkbi.com\/index.php?rest_route=%2Fwp%2Fv2%2Fcomments&post=21101"}],"version-history":[{"count":1,"href":"https:\/\/dekkbi.com\/index.php?rest_route=\/wp\/v2\/posts\/21101\/revisions"}],"predecessor-version":[{"id":21103,"href":"https:\/\/dekkbi.com\/index.php?rest_route=\/wp\/v2\/posts\/21101\/revisions\/21103"}],"wp:featuredmedia":[{"embeddable":true,"href":"https:\/\/dekkbi.com\/index.php?rest_route=\/wp\/v2\/media\/21102"}],"wp:attachment":[{"href":"https:\/\/dekkbi.com\/index.php?rest_route=%2Fwp%2Fv2%2Fmedia&parent=21101"}],"wp:term":[{"taxonomy":"category","embeddable":true,"href":"https:\/\/dekkbi.com\/index.php?rest_route=%2Fwp%2Fv2%2Fcategories&post=21101"},{"taxonomy":"post_tag","embeddable":true,"href":"https:\/\/dekkbi.com\/index.php?rest_route=%2Fwp%2Fv2%2Ftags&post=21101"}],"curies":[{"name":"wp","href":"https:\/\/api.w.org\/{rel}","templated":true}]}}