{"id":21063,"date":"2023-09-10T08:45:00","date_gmt":"2023-09-10T08:45:00","guid":{"rendered":"https:\/\/dekkbi.com\/?p=21063"},"modified":"2023-09-10T08:45:00","modified_gmt":"2023-09-10T08:45:00","slug":"seisme-le-gouvernement-dit-suivre-de-pres-la-situation-des-senegalais-vivant-au-maroc","status":"publish","type":"post","link":"https:\/\/dekkbi.com\/?p=21063","title":{"rendered":"SEISME \/ Le gouvernement dit \u00ab\u00a0suivre de pr\u00e8s\u00a0\u00bb la situation des S\u00e9n\u00e9galais vivant au Maroc"},"content":{"rendered":"\n<p>Dakar, 9 sept (APS) \u2013 Le minist\u00e8re en charge des S\u00e9n\u00e9galais de l\u2019ext\u00e9rieur,  \u00e0 d\u00e9clar\u00e9, samedi, \u00ab suivre de pr\u00e8s \u00bb la situation des compatriotes \u00e9tablis au Maroc, un pays frapp\u00e9 dans la nuit de vendredi \u00e0 samedi par un s\u00e9isme meurtrier.\u00ab Les services comp\u00e9tents du minist\u00e8re des Affaires  \u00e9trang\u00e8res et des S\u00e9n\u00e9galais de l\u2019ext\u00e9rieur suivent de pr\u00e8s la situation de la communaut\u00e9 s\u00e9n\u00e9galaise \u00e9tablie dans ce pays \u00e0 travers une cellule de crise mise en place sous l\u2019autorit\u00e9 de l\u2019ambassade du S\u00e9n\u00e9gal \u00e0 Rabat \u00bb, indique un communiqu\u00e9 parvenu \u00e0 l \u00bbAPS.Il signale que cette cellule travaille en \u00e9troite collaboration avec les consuls g\u00e9n\u00e9raux \u00e0 Casablanca et Dakhla.Le minist\u00e8re des S\u00e9n\u00e9galais de l\u2019ext\u00e9rieur qui a confirm\u00e9 le d\u00e9c\u00e8s d\u2019un ressortissant S\u00e9n\u00e9galais a, dans le m\u00eame temps, soulign\u00e9 qu\u2019aucun bilan exhaustif sur d\u2019\u00e9ventuelles victimes parmi les membres de la communaut\u00e9 s\u00e9n\u00e9galaise r\u00e9sidant dans le Royaume cherifien n\u2019\u00e9tait encore \u00e9tabli.Il recommande ainsi aux ressortissants s\u00e9n\u00e9galais se trouvant au Maroc de rester vigilants tout en respectant les consignes de s\u00e9curit\u00e9 des autorit\u00e9s locales.AKS<\/p>\n","protected":false},"excerpt":{"rendered":"<p>Dakar, 9 sept (APS) \u2013 Le minist\u00e8re en charge des S\u00e9n\u00e9galais de l\u2019ext\u00e9rieur, \u00e0 d\u00e9clar\u00e9, samedi, \u00ab suivre de pr\u00e8s<\/p>\n","protected":false},"author":1,"featured_media":21064,"comment_status":"open","ping_status":"open","sticky":false,"template":"","format":"standard","meta":{"footnotes":""},"categories":[21],"tags":[],"class_list":["post-21063","post","type-post","status-publish","format-standard","has-post-thumbnail","hentry","category-societe"],"_links":{"self":[{"href":"https:\/\/dekkbi.com\/index.php?rest_route=\/wp\/v2\/posts\/21063","targetHints":{"allow":["GET"]}}],"collection":[{"href":"https:\/\/dekkbi.com\/index.php?rest_route=\/wp\/v2\/posts"}],"about":[{"href":"https:\/\/dekkbi.com\/index.php?rest_route=\/wp\/v2\/types\/post"}],"author":[{"embeddable":true,"href":"https:\/\/dekkbi.com\/index.php?rest_route=\/wp\/v2\/users\/1"}],"replies":[{"embeddable":true,"href":"https:\/\/dekkbi.com\/index.php?rest_route=%2Fwp%2Fv2%2Fcomments&post=21063"}],"version-history":[{"count":1,"href":"https:\/\/dekkbi.com\/index.php?rest_route=\/wp\/v2\/posts\/21063\/revisions"}],"predecessor-version":[{"id":21065,"href":"https:\/\/dekkbi.com\/index.php?rest_route=\/wp\/v2\/posts\/21063\/revisions\/21065"}],"wp:featuredmedia":[{"embeddable":true,"href":"https:\/\/dekkbi.com\/index.php?rest_route=\/wp\/v2\/media\/21064"}],"wp:attachment":[{"href":"https:\/\/dekkbi.com\/index.php?rest_route=%2Fwp%2Fv2%2Fmedia&parent=21063"}],"wp:term":[{"taxonomy":"category","embeddable":true,"href":"https:\/\/dekkbi.com\/index.php?rest_route=%2Fwp%2Fv2%2Fcategories&post=21063"},{"taxonomy":"post_tag","embeddable":true,"href":"https:\/\/dekkbi.com\/index.php?rest_route=%2Fwp%2Fv2%2Ftags&post=21063"}],"curies":[{"name":"wp","href":"https:\/\/api.w.org\/{rel}","templated":true}]}}