{"id":20996,"date":"2023-09-09T21:14:08","date_gmt":"2023-09-09T21:14:08","guid":{"rendered":"https:\/\/dekkbi.com\/?p=20996"},"modified":"2023-09-09T21:14:10","modified_gmt":"2023-09-09T21:14:10","slug":"lua-au-g20-aissata-tall-sall-souligne-le-role-decisif-de-macky-sall","status":"publish","type":"post","link":"https:\/\/dekkbi.com\/?p=20996","title":{"rendered":"L\u2019UA au G20 : Aissata Tall Sall souligne le r\u00f4le d\u00e9cisif de Macky Sall"},"content":{"rendered":"\n<p>Le S\u00e9n\u00e9gal se r\u00e9jouit de la \u00ab d\u00e9cision unanime prise ce 9 septembre 2023, par le Sommet du G20 de New Delhi, d\u2019admettre l\u2019Union Africaine comme membre de plein droit du Groupe \u00bb, indique le minist\u00e8re des Affaires \u00e9trang\u00e8res, dirig\u00e9 par Aissata Tall Sall.\u00ab  Cette d\u00e9cision historique du G20 est l\u2019aboutissement heureux du plaidoyer que SEM le Pr\u00e9sident Macky Sall a port\u00e9 tout au long de son mandat \u00e0 la t\u00eate de l\u2019Union Africaine pour l\u2019admission de l\u2019Afrique au G20 ; plaidoyer qui traduit sa vision d\u2019une gouvernance politique, \u00e9conomique et financi\u00e8re mondiale plus juste et plus inclusive \u00bb, indique  la diplomatie s\u00e9n\u00e9galaise.Le Gouvernement f\u00e9licite, enfin,  \u00ab chaleureusement le Pr\u00e9sident Macky Sall pour son leadership d\u00e9terminant sur ce dossier qu\u2019il a initi\u00e9 et port\u00e9, et dont il a assur\u00e9 le suivi conform\u00e9ment au mandat qui lui avait \u00e9t\u00e9 confi\u00e9 par le 36e Sommet de l\u2019Union Africaine de f\u00e9vrier 2023 \u00bb.<\/p>\n\n\n\n<p>LESOLEIL<\/p>\n","protected":false},"excerpt":{"rendered":"<p>Le S\u00e9n\u00e9gal se r\u00e9jouit de la \u00ab d\u00e9cision unanime prise ce 9 septembre 2023, par le Sommet du G20 de<\/p>\n","protected":false},"author":1,"featured_media":20890,"comment_status":"open","ping_status":"open","sticky":false,"template":"","format":"standard","meta":{"footnotes":""},"categories":[6],"tags":[],"class_list":["post-20996","post","type-post","status-publish","format-standard","has-post-thumbnail","hentry","category-politics"],"_links":{"self":[{"href":"https:\/\/dekkbi.com\/index.php?rest_route=\/wp\/v2\/posts\/20996","targetHints":{"allow":["GET"]}}],"collection":[{"href":"https:\/\/dekkbi.com\/index.php?rest_route=\/wp\/v2\/posts"}],"about":[{"href":"https:\/\/dekkbi.com\/index.php?rest_route=\/wp\/v2\/types\/post"}],"author":[{"embeddable":true,"href":"https:\/\/dekkbi.com\/index.php?rest_route=\/wp\/v2\/users\/1"}],"replies":[{"embeddable":true,"href":"https:\/\/dekkbi.com\/index.php?rest_route=%2Fwp%2Fv2%2Fcomments&post=20996"}],"version-history":[{"count":1,"href":"https:\/\/dekkbi.com\/index.php?rest_route=\/wp\/v2\/posts\/20996\/revisions"}],"predecessor-version":[{"id":20998,"href":"https:\/\/dekkbi.com\/index.php?rest_route=\/wp\/v2\/posts\/20996\/revisions\/20998"}],"wp:featuredmedia":[{"embeddable":true,"href":"https:\/\/dekkbi.com\/index.php?rest_route=\/wp\/v2\/media\/20890"}],"wp:attachment":[{"href":"https:\/\/dekkbi.com\/index.php?rest_route=%2Fwp%2Fv2%2Fmedia&parent=20996"}],"wp:term":[{"taxonomy":"category","embeddable":true,"href":"https:\/\/dekkbi.com\/index.php?rest_route=%2Fwp%2Fv2%2Fcategories&post=20996"},{"taxonomy":"post_tag","embeddable":true,"href":"https:\/\/dekkbi.com\/index.php?rest_route=%2Fwp%2Fv2%2Ftags&post=20996"}],"curies":[{"name":"wp","href":"https:\/\/api.w.org\/{rel}","templated":true}]}}