{"id":20980,"date":"2023-09-09T08:23:02","date_gmt":"2023-09-09T08:23:02","guid":{"rendered":"https:\/\/dekkbi.com\/?p=20980"},"modified":"2023-09-09T08:23:02","modified_gmt":"2023-09-09T08:23:02","slug":"lunion-africaine-devient-officiellement-un-nouveau-membre-du-g20","status":"publish","type":"post","link":"https:\/\/dekkbi.com\/?p=20980","title":{"rendered":"L&rsquo;Union africaine devient officiellement un nouveau membre du G20"},"content":{"rendered":"\n<p>L&rsquo;Union africaine a officiellement pris place samedi en tant que nouveau membre du G20, \u00ab\u00a0\u00e0 l&rsquo;approbation de tous\u00a0\u00bb et \u00e0 l&rsquo;invitation de l&rsquo;h\u00f4te du sommet, le Premier ministre indien Narendra Modi. Outre ce message envoy\u00e9 \u00e0 l&rsquo;Afrique, les dirigeants vont aussi faire face \u00e0 d&rsquo;autre d\u00e9fis durant ce sommet, notamment celui de surmonter leurs divisions sur l&rsquo;Ukraine et le climat.<\/p>\n\n\n\n<p>C&rsquo;\u00e9tait une d\u00e9cision attendue, elle est d\u00e9sormais officielle depuis le d\u00e9but du sommet en\u00a0Inde, samedi 9 septembre :\u00a0l&rsquo;Union africaine\u00a0a pris place en tant que nouveau membre du\u00a0G20, \u00e0 l&rsquo;invitation de l&rsquo;h\u00f4te du sommet, le Premier ministre indien\u00a0Narendra Modi.<\/p>\n\n\n\n<p>\u00ab\u00a0Avec l&rsquo;approbation de tous, je demande au chef de l&rsquo;UA de prendre place en tant que membre permanent du G20\u00a0\u00bb, a-t-il d\u00e9clar\u00e9 dans son discours d&rsquo;ouverture du sommet, le chef de l&rsquo;Union africaine prenant ensuite place aux c\u00f4t\u00e9s des dirigeants du groupe.<\/p>\n\n\n\n<p>Durant ce sommet, les dirigeants du G20 vont aussi faire face \u00e0 plusieurs d\u00e9fis : surmonter leurs divisions sur l&rsquo;Ukraine et le climat, ou encore prendre des engagements concrets en faveur des pays en d\u00e9veloppement. L&rsquo;Inde, qui pr\u00e9side cette ann\u00e9e ce groupe rassemblant les plus grandes \u00e9conomies occidentales et \u00e9mergentes, a affich\u00e9 sa volont\u00e9 d&rsquo;\u00eatre le porte-voix pour \u00ab\u00a0les besoins des pays du Sud\u00a0\u00bb.<\/p>\n\n\n\n<h2 class=\"wp-block-heading\">Grand projet au Moyen-Orient pour relier l&rsquo;Inde \u00e0 l&rsquo;Europe<\/h2>\n\n\n\n<p>Un accord de principe doit aussi \u00eatre sign\u00e9 lors du G20 entre les \u00c9tats-Unis, l&rsquo;Arabie saoudite \u2013 repr\u00e9sent\u00e9e au sommet par le prince h\u00e9ritier Mohammed ben Salmane \u2013, les \u00c9mirats arabes unis, l&rsquo;UE et d&rsquo;autres partenaires du G20 en vue d&rsquo;un grand projet de transport maritime et ferroviaire traversant le Moyen-Orient pour relier l&rsquo;Inde \u00e0 l&rsquo;Europe, a indiqu\u00e9 samedi le conseiller adjoint am\u00e9ricain \u00e0 la s\u00e9curit\u00e9 nationale, Jon Finer.<\/p>\n\n\n\n<p>Le projet \u00ab\u00a0a un potentiel \u00e9norme\u00a0\u00bb, et est \u00ab\u00a0le r\u00e9sultat de mois de diplomatie prudente (&#8230;) dans des cadres bilat\u00e9raux et multilat\u00e9raux\u00a0\u00bb, a-t-il pr\u00e9cis\u00e9.<\/p>\n\n\n\n<p>Cette annonce intervient au moment o\u00f9 le pr\u00e9sident am\u00e9ricain Joe Biden travaille \u00e0 une \u00e9ventuelle normalisation des relations entre Isra\u00ebl (qui pourrait \u00e9ventuellement rejoindre le projet \u00e0 terme) et l&rsquo;Arabie saoudite, dans la foul\u00e9e de celles avec les \u00c9mirats arabes unis, Bahre\u00efn et le Maroc.   FRANCE24<\/p>\n","protected":false},"excerpt":{"rendered":"<p>L&rsquo;Union africaine a officiellement pris place samedi en tant que nouveau membre du G20, \u00ab\u00a0\u00e0 l&rsquo;approbation de tous\u00a0\u00bb et \u00e0<\/p>\n","protected":false},"author":1,"featured_media":20945,"comment_status":"open","ping_status":"open","sticky":false,"template":"","format":"standard","meta":{"footnotes":""},"categories":[51],"tags":[],"class_list":["post-20980","post","type-post","status-publish","format-standard","has-post-thumbnail","hentry","category-general"],"_links":{"self":[{"href":"https:\/\/dekkbi.com\/index.php?rest_route=\/wp\/v2\/posts\/20980","targetHints":{"allow":["GET"]}}],"collection":[{"href":"https:\/\/dekkbi.com\/index.php?rest_route=\/wp\/v2\/posts"}],"about":[{"href":"https:\/\/dekkbi.com\/index.php?rest_route=\/wp\/v2\/types\/post"}],"author":[{"embeddable":true,"href":"https:\/\/dekkbi.com\/index.php?rest_route=\/wp\/v2\/users\/1"}],"replies":[{"embeddable":true,"href":"https:\/\/dekkbi.com\/index.php?rest_route=%2Fwp%2Fv2%2Fcomments&post=20980"}],"version-history":[{"count":1,"href":"https:\/\/dekkbi.com\/index.php?rest_route=\/wp\/v2\/posts\/20980\/revisions"}],"predecessor-version":[{"id":20981,"href":"https:\/\/dekkbi.com\/index.php?rest_route=\/wp\/v2\/posts\/20980\/revisions\/20981"}],"wp:featuredmedia":[{"embeddable":true,"href":"https:\/\/dekkbi.com\/index.php?rest_route=\/wp\/v2\/media\/20945"}],"wp:attachment":[{"href":"https:\/\/dekkbi.com\/index.php?rest_route=%2Fwp%2Fv2%2Fmedia&parent=20980"}],"wp:term":[{"taxonomy":"category","embeddable":true,"href":"https:\/\/dekkbi.com\/index.php?rest_route=%2Fwp%2Fv2%2Fcategories&post=20980"},{"taxonomy":"post_tag","embeddable":true,"href":"https:\/\/dekkbi.com\/index.php?rest_route=%2Fwp%2Fv2%2Ftags&post=20980"}],"curies":[{"name":"wp","href":"https:\/\/api.w.org\/{rel}","templated":true}]}}