{"id":20974,"date":"2023-09-09T08:04:33","date_gmt":"2023-09-09T08:04:33","guid":{"rendered":"https:\/\/dekkbi.com\/?p=20974"},"modified":"2023-09-09T08:04:34","modified_gmt":"2023-09-09T08:04:34","slug":"interdiction-de-son-rassemblement-de-vendredi-f24-se-rabat-sur-le-bruitage-dimanche","status":"publish","type":"post","link":"https:\/\/dekkbi.com\/?p=20974","title":{"rendered":"Interdiction de son rassemblement de vendredi : F24 se rabat sur le bruitage, dimanche."},"content":{"rendered":"\n<p><strong>La plateforme F24 est mont\u00e9e au cr\u00e9neau pour d\u00e9noncer une \u00e9ni\u00e8me interdiction de ses manifestations par le pouvoir en place. Face \u00e0 la presse hier, vendredi 8 septembre, Mamadou Mbodj et ses camarades qui ont fustig\u00e9 l\u2019attitude de l\u2019autorit\u00e9 face au d\u00e9ni des droits des citoyens, laissent entendre qu\u2019ils ne baisseront pas les bras. Ainsi, ils appellent \u00e0 une manifestation pacifique sous la forme d\u2019un bruitage, ce dimanche de 21h \u00e0 22h.<\/strong><\/p>\n\n\n\n<p>\u00ab L\u2019interdiction de cette manifestation de ce vendredi 8 septembre 2023, nous a \u00e9t\u00e9 notifi\u00e9e. Et jusqu\u2019\u00e0 23h 30, aucune r\u00e9ponse nous est venue de Thi\u00e8s o\u00f9 nous avions \u00e9galement d\u00e9pos\u00e9 une lettre d\u2019information pour la manifestation de ce jour. Ce qui confirme ainsi, l\u2019option du gouvernement de pousser les citoyens \u00e0 braver les interdictions, \u00e0 manifester sans autorisation, \u00e0 r\u00e9sister au d\u00e9ni de leurs droits \u00e9l\u00e9mentaires \u00bb, a fustig\u00e9 face \u00e0 la presse hier, vendredi 8 septembre, Mamadou Lamine Diant\u00e9, avant de rappeler sur le nombre de fois que leurs manifestations ont \u00e9t\u00e9 interdites : \u00ab Nous avons dit que c\u2019est la cinqui\u00e8me fois qu\u2019une demande de manifestation de F24 a \u00e9t\u00e9 interdite, en moins de trois mois, au motif creux de risques de troubles \u00e0 l\u2019ordre public. \u00bb<\/p>\n\n\n\n<p>\u00ab Le minist\u00e8re de l\u2019int\u00e9rieur chercherait-il \u00e0 installer le pays dans un cycle continu de violence et de terreur ? Voudrait-il cr\u00e9er une situation de chaos qui lui servirait d\u2019alibi \u00e0 des fins inavouables \u00bb, s\u2019interroge le porte-parole du jour de la plateforme F24. En tout \u00e9tat de cause, soutient-il, \u00ab le constat est unanime, ces interdictions sont la honte de notre d\u00e9mocratie balafr\u00e9e. Elles sont la face hideuse du non droit dans lequel a sombr\u00e9 le S\u00e9n\u00e9gal, sous la gouvernance de Macky Sall. \u00bb Il s\u2019y ajoute \u00ab Les vingt cinq interdictions de manifester du Chemin de la lib\u00e9ration \u00bb, selon F24. Toutefois, \u00ab consid\u00e9rant qu\u2019il y a d\u00e9j\u00e0 trop de S\u00e9n\u00e9galais tomb\u00e9s sous les balles de la r\u00e9pression aveugle, trop de bless\u00e9s, de tortures et des d\u00e9g\u00e2ts mat\u00e9riels graves au d\u00e9triment du contribuable s\u00e9n\u00e9galais, la plateforme F24 a jusqu\u2019ici choisi de ne pas suivre le gouvernement dans sa logique mortif\u00e8re, qui ralentit l\u2019activit\u00e9 \u00e9conomique et pr\u00e9judicie la stabilit\u00e9 et la coh\u00e9sion sociale \u00bb, a indiqu\u00e9 Mamadou Mbodj et Cie.<\/p>\n\n\n\n<p>Cependant, pour marquer leur option r\u00e9publicaine de privil\u00e9gier les manifestations pacifiques, dira l\u2019ancien syndicaliste, \u00ab F24 ne se lassera pas de d\u00e9poser des lettres d\u2019informations et de prendre acte des interdictions fallacieuses et honteuses qui lui seront servies. \u00bb<\/p>\n\n\n\n<p>Pour ce faire, la plateforme citoyenne se rabattera sur une forme de manifestation mais toujours pacifique, \u00e0 savoir un bruitage illumin\u00e9. \u00ab Une manifestation pacifique sous la forme d\u2019un bruitage illumin\u00e9. Parce qu\u2019apr\u00e8s l\u2019interdiction injustifi\u00e9e de la manifestation qui \u00e9tait pr\u00e9vue aujourd\u2019hui, nous n\u2019allons pas baisser les bras. Ils peuvent nous interdire et chercher \u00e0 nous pousser \u00e0 manifester afin que la r\u00e9pression puisse s\u2019abattre sur les citoyens, nous proposons aux citoyens une autre forme de manifestation pour pallier cette interdiction \u00bb, a inform\u00e9 M. Diant\u00e9.<\/p>\n\n\n\n<p>Ainsi, dans sa logique de combat pour la lib\u00e9ration des prisonniers politiques, de faire cesser la confiscation des libert\u00e9s, l\u2019organisation inclusive et sinc\u00e8re de l\u2019\u00e9lection pr\u00e9sidentielle de 2024\u2026, lance-t-il envers les citoyens : \u00ab F24 invite les citoyens sans exception, jeunes et moins jeunes, hommes et femmes \u00e0 Dakar comme dans les campagnes, \u00e0 se mobiliser comme un seul homme, ce dimanche 10 septembre 2023, de 21 h \u00e0 22 h pour se faire entendre par le gouvernement de Macky Sall\u2026Nous demandons de se faire entendre \u00e0 travers un bruitage tr\u00e8s fort\u2026 \u00bb<\/p>\n\n\n\n<p>F24 a \u00e9galement not\u00e9 pour le d\u00e9noncer la confiscation des libert\u00e9s, source de la r\u00e9trogradation du S\u00e9n\u00e9gal parmi les \u2018\u2019dictatures non \u00e9clair\u00e9es. \u00ab La confiscation des droits \u00e0 la libert\u00e9 d\u2019opinion, \u00e0 la libert\u00e9 d\u2019expression, \u00e0 la libert\u00e9 de r\u00e9union, \u00e0 la libert\u00e9 de manifestation et \u00e0 la libert\u00e9 de circuler a atteint un niveau jamais \u00e9gal\u00e9 dans notre pays, r\u00e9trogradant ainsi, le S\u00e9n\u00e9gal, \u00e0 la derni\u00e8re place des dictatures non \u00e9clair\u00e9es \u00bb, regrettent les membres du F24.<\/p>\n\n\n\n<p>Dans le m\u00eame registre, le mouvement des forces vives de la nation a aussi relev\u00e9 pour le regretter, ce qu\u2019il consid\u00e8re comme \u2018\u2019caract\u00e8re dictatorial\u2019\u2019 du r\u00e9gime en place. Selon le sieur Diant\u00e9 \u00ab le caract\u00e8re dictatorial du r\u00e9gime en place se d\u00e9cline dans le surpeuplement des prisons, une surpopulation carc\u00e9rale qui s\u2019explique par un syst\u00e8me judiciaire r\u00e9pressif sans alternative \u00e0 la prison, la facilit\u00e9 de la d\u00e9livrance des mandats de d\u00e9p\u00f4t, les nombreuses d\u00e9tentions provisoires\u2026 \u00bb<\/p>\n\n\n\n<p><strong>OUSMANE GOUDIABY<\/strong><\/p>\n","protected":false},"excerpt":{"rendered":"<p>La plateforme F24 est mont\u00e9e au cr\u00e9neau pour d\u00e9noncer une \u00e9ni\u00e8me interdiction de ses manifestations par le pouvoir en place.<\/p>\n","protected":false},"author":1,"featured_media":20975,"comment_status":"open","ping_status":"open","sticky":false,"template":"","format":"standard","meta":{"footnotes":""},"categories":[6],"tags":[],"class_list":["post-20974","post","type-post","status-publish","format-standard","has-post-thumbnail","hentry","category-politics"],"_links":{"self":[{"href":"https:\/\/dekkbi.com\/index.php?rest_route=\/wp\/v2\/posts\/20974","targetHints":{"allow":["GET"]}}],"collection":[{"href":"https:\/\/dekkbi.com\/index.php?rest_route=\/wp\/v2\/posts"}],"about":[{"href":"https:\/\/dekkbi.com\/index.php?rest_route=\/wp\/v2\/types\/post"}],"author":[{"embeddable":true,"href":"https:\/\/dekkbi.com\/index.php?rest_route=\/wp\/v2\/users\/1"}],"replies":[{"embeddable":true,"href":"https:\/\/dekkbi.com\/index.php?rest_route=%2Fwp%2Fv2%2Fcomments&post=20974"}],"version-history":[{"count":1,"href":"https:\/\/dekkbi.com\/index.php?rest_route=\/wp\/v2\/posts\/20974\/revisions"}],"predecessor-version":[{"id":20976,"href":"https:\/\/dekkbi.com\/index.php?rest_route=\/wp\/v2\/posts\/20974\/revisions\/20976"}],"wp:featuredmedia":[{"embeddable":true,"href":"https:\/\/dekkbi.com\/index.php?rest_route=\/wp\/v2\/media\/20975"}],"wp:attachment":[{"href":"https:\/\/dekkbi.com\/index.php?rest_route=%2Fwp%2Fv2%2Fmedia&parent=20974"}],"wp:term":[{"taxonomy":"category","embeddable":true,"href":"https:\/\/dekkbi.com\/index.php?rest_route=%2Fwp%2Fv2%2Fcategories&post=20974"},{"taxonomy":"post_tag","embeddable":true,"href":"https:\/\/dekkbi.com\/index.php?rest_route=%2Fwp%2Fv2%2Ftags&post=20974"}],"curies":[{"name":"wp","href":"https:\/\/api.w.org\/{rel}","templated":true}]}}