{"id":20944,"date":"2023-09-08T13:39:19","date_gmt":"2023-09-08T13:39:19","guid":{"rendered":"https:\/\/dekkbi.com\/?p=20944"},"modified":"2023-09-08T13:39:19","modified_gmt":"2023-09-08T13:39:19","slug":"lunion-africaine-sur-le-point-dobtenir-sa-place-a-la-table-du-g20","status":"publish","type":"post","link":"https:\/\/dekkbi.com\/?p=20944","title":{"rendered":"L&rsquo;Union africaine sur le point d&rsquo;obtenir sa place \u00e0 la table du G20"},"content":{"rendered":"\n<p>Selon Bloomberg, le G20 qui se r\u00e9unit ce week-end en Inde a d\u00e9cid\u00e9 d&rsquo;accorder le statut de membre permanent \u00e0 l&rsquo;Union africaine, \u00e9quivalent \u00e0 celui de l&rsquo;Union europ\u00e9enne. Attendue de longue date, cette int\u00e9gration devrait permettre au continent d&rsquo;\u00eatre mieux repr\u00e9sent\u00e9 dans les instances internationales et de peser sur l&rsquo;\u00e9volution du syst\u00e8me financier mondial.<\/p>\n\n\n\n<p>C&rsquo;est un jalon historique dans la refonte de la gouvernance mondiale. Le\u00a0<a href=\"https:\/\/www.france24.com\/fr\/tag\/g20\/\">G20<\/a>\u00a0a d\u00e9cid\u00e9 d&rsquo;accorder le statut de membre permanent \u00e0 l&rsquo;Union africaine (UA),\u00a0a rapport\u00e9 jeudi 7 septembre l&rsquo;agence de presse Bloomberg, citant des sources proches du dossier.<\/p>\n\n\n\n<p>Cette d\u00e9cision offrirait \u00e0 l&rsquo;Union africaine\u00a0le m\u00eame statut que l&rsquo;Union europ\u00e9enne (UE), actuellement consid\u00e9r\u00e9e comme une \u00ab\u00a0organisation internationale invit\u00e9e\u00a0\u00bb.<\/p>\n\n\n\n<p>Aujourd&rsquo;hui, seul un pays africain, l\u2019Afrique du Sud, est membre du G20, forum intergouvernemental rassemblant 19 des plus importantes \u00e9conomies de la plan\u00e8te, plus l\u2019Union europ\u00e9enne, soit 85&nbsp;% du PIB mondial, les deux tiers de la population du globe et 75&nbsp;% du commerce \u00e0 l&rsquo;\u00e9chelle de la plan\u00e8te.<\/p>\n\n\n\n<p>Interrog\u00e9 par Reuters, le porte-parole de la pr\u00e9sidence sud-africaine, qui soutient l&rsquo;int\u00e9gration de l&rsquo;UA, s&rsquo;est toutefois refus\u00e9 \u00e0 confirmer l&rsquo;information. \u00ab\u00a0Nous ne ferons aucun commentaire avant l&rsquo;annonce officielle ou apr\u00e8s le sommet\u00a0\u00bb, a d\u00e9clar\u00e9 Vincent Magwenya.<\/p>\n\n\n\n<p>Si l&rsquo;int\u00e9gration africaine se confirme,\u00a0Moussa Faki Mahamat,\u00a0pr\u00e9sident de la Commission de l&rsquo;Union africaine depuis janvier 2017,\u00a0devrait repr\u00e9senter le continent dans le club des pays les plus riches de la plan\u00e8te.<\/p>\n\n\n\n<h2 class=\"wp-block-heading\">\u00ab\u00a0Une cl\u00e9 des rapports de force internationaux\u00a0\u00bb<\/h2>\n\n\n\n<p>Cette arriv\u00e9e des pays du continent au sein du G20 est loin d&rsquo;\u00eatre une surprise et semblait faire consensus ces derniers mois. Plusieurs membres influents, dont l&rsquo;Inde ou encore\u00a0les \u00c9tats-Unis,\u00a0s&rsquo;y sont dits favorables.<\/p>\n\n\n\n<p>\u00ab\u00a0Nous sommes impatients d\u2019accueillir chaleureusement l\u2019Union africaine en tant que membre permanent du G20\u00a0\u00bb, a d\u00e9clar\u00e9 mardi le conseiller am\u00e9ricain \u00e0 la s\u00e9curit\u00e9 nationale, Jake Sullivan, ajoutant&nbsp;: \u00ab\u00a0Nous pensons que la voix de l\u2019Union africaine rendra le G20&nbsp;plus&nbsp;fort.\u00a0\u00bb<\/p>\n\n\n\n<p>Lors du dernier sommet du forum qui s&rsquo;est tenu \u00e0 Bali en novembre dernier, le pr\u00e9sident en exercice de l&rsquo;UA\u00a0Macky Sall\u00a0avait rappel\u00e9 la \u00ab\u00a0juste ambition\u00a0\u00bb de l&rsquo;Afrique dans sa qu\u00eate d&rsquo;une meilleure repr\u00e9sentation dans les instances internationales.<\/p>\n\n\n\n<p>\u00ab\u00a0L\u2019Afrique [&#8230;] est la huiti\u00e8me puissance \u00e9conomique par son PIB, poss\u00e8de plus de 60&nbsp;% des terres arables avec une population estim\u00e9e \u00e0 pr\u00e8s de 2,5&nbsp;milliards d\u2019ici 2050\u00a0\u00bb, avait fait valoir le pr\u00e9sident s\u00e9n\u00e9galais.<\/p>\n\n\n\n<p>Bas\u00e9e \u00e0 Addis-Abeba, capitale de l&rsquo;\u00c9thiopie, l&rsquo;UA, qui compte 55&nbsp;pays membres, totalise 3&nbsp;000&nbsp;milliards de dollars de PIB. Mais au-del\u00e0 de son poids d\u00e9mographique et financier, l&rsquo;Afrique repr\u00e9sente \u00e9galement un enjeu g\u00e9opolitique majeur qu&rsquo;il n&rsquo;\u00e9tait plus possible d&rsquo;ignorer, estime Jean-Joseph Boillot, conseiller \u00e0 l&rsquo;Institut de relations internationales et strat\u00e9giques (Iris) et sp\u00e9cialiste des \u00e9conomies \u00e9mergentes.<\/p>\n\n\n\n<p>\u00ab\u00a0Avec ce qu&rsquo;il\u00a0se passe au\u00a0Niger\u00a0et ailleurs, il y a ce sentiment que l&rsquo;Afrique est aussi devenue une cl\u00e9 des rapports de force internationaux et qu&rsquo;il faut \u00e9viter qu&rsquo;elle ne bascule \u00e0 100\u00a0% du c\u00f4t\u00e9 des pays du Sud, en particulier de la Chine et de\u00a0la Russie\u00a0\u00bb, juge l&rsquo;expert, selon qui les coups d&rsquo;\u00c9tat successifs au Niger et au Gabon ont acc\u00e9l\u00e9r\u00e9 la d\u00e9cision du G20.<\/p>\n\n\n\n<h2 class=\"wp-block-heading\">Lutter contre le pi\u00e8ge de la dette<\/h2>\n\n\n\n<p>Gr\u00e2ce \u00e0 ce nouveau statut, l&rsquo;Afrique aura d\u00e9sormais voix au chapitre pour peser sur l&rsquo;agenda du groupe et faire valoir les int\u00e9r\u00eats \u00e9conomiques du Sud.<\/p>\n\n\n\n<p>\u00ab\u00a0Cela va mettre l&rsquo;accent sur la question du d\u00e9veloppement \u00e9conomique et social et de la justice climatique par rapport \u00e0 celle de la stabilit\u00e9 financi\u00e8re mondiale, pr\u00e9dit Jean-Joseph Boillot, qui \u00e9voque un \u00ab\u00a0r\u00e9\u00e9quilibrage\u00a0\u00bb.<\/p>\n\n\n\n<p>L&rsquo;arriv\u00e9e des pays africains devrait notamment permettre de revitaliser les\u00a0Sustainable Development Goals (SDG)\u00a0ou Objectifs de d\u00e9veloppement durables, d\u00e9finis lors de la Conf\u00e9rence des Nations unies Rio+20 en 2012, mais qui accusent de s\u00e9rieux retards.<\/p>\n\n\n\n<p>Par ailleurs, la pr\u00e9sence de l&rsquo;UA \u00e0 la table du G20 devrait aussi faciliter la captation des flux financiers mondiaux, notamment \u00e0 travers la Banque africaine pour le d\u00e9veloppement, alors que de nombreux pays du continent, fragilis\u00e9s par la hausse des taux d&rsquo;int\u00e9r\u00eats, croulent sous une dette abyssale.<\/p>\n\n\n\n<p>Cela permettra \u00e0 l&rsquo;Afrique de se repositionner sur les flux de financements multilat\u00e9raux et de l&rsquo;aide au d\u00e9veloppement et d&rsquo;\u00e9chapper \u00e0 la trappe de la dette qui est clairement aujourd&rsquo;hui une menace pour un bon tiers des pays africains\u00a0\u00bb, analyse Jean-Joseph Boillot.<\/p>\n\n\n\n<h2 class=\"wp-block-heading\">L&rsquo;antichambre du Conseil de s\u00e9curit\u00e9&nbsp;?<\/h2>\n\n\n\n<p>Cette nouvelle place accord\u00e9e \u00e0 l&rsquo;Afrique au sein des instances internationales pourrait \u00e9galement apporter de l&rsquo;eau au moulin aux partisans de l&rsquo;entr\u00e9e du continent parmi les membres permanents du Conseil de s\u00e9curit\u00e9 de l&rsquo;<a href=\"https:\/\/www.france24.com\/fr\/tag\/onu\/\">ONU<\/a>.<\/p>\n\n\n\n<p>En mars 2023, le secr\u00e9taire g\u00e9n\u00e9ral des Nations unies, Antonio Guterres, avait d\u00e9clar\u00e9 lors d&rsquo;un sommet de l&rsquo;UA \u00e0 Addis-Abbeba que \u00ab\u00a0la plus grande injustice au Conseil de s\u00e9curit\u00e9 est l\u2019absence d\u2019un \u00c9tat africain en tant que membre permanent\u00a0\u00bb.<\/p>\n\n\n\n<p>En juillet 2005, les dirigeants africains ont soumis \u00e0 l\u2019Assembl\u00e9e g\u00e9n\u00e9rale une proposition commune africaine pour la r\u00e9forme des Nations unies intitul\u00e9e\u00a0\u00ab\u00a0Le Consensus d\u2019Ezulwin. Un texte dans lequel l&rsquo;UA\u00a0r\u00e9clame pour l\u2019Afrique deux nouveaux si\u00e8ges permanents avec droit de veto et cinq si\u00e8ges non permanents.<\/p>\n\n\n\n<p>Mais ce processus complexe et incertain n&rsquo;a presque pas avanc\u00e9 en deux d\u00e9cennies. Pour \u00eatre valid\u00e9e, cette r\u00e9forme\u00a0devrait \u00eatre propos\u00e9e lors d\u2019un vote de l\u2019Assembl\u00e9e g\u00e9n\u00e9rale de l\u2019ONU et ratifi\u00e9e par tous les membres permanents du Conseil de s\u00e9curit\u00e9.<\/p>\n\n\n\n<p>Autre difficult\u00e9&nbsp;: la concurrence du Br\u00e9sil, de l&rsquo;<a href=\"https:\/\/www.france24.com\/fr\/tag\/inde\/\">Inde<\/a>&nbsp;ou encore du Japon. Se pose enfin la question du pays qui aura la charge de repr\u00e9senter l&rsquo;Afrique&nbsp;: entre le Nigeria, l&rsquo;\u00c9gypte et l&rsquo;Afrique du Sud, aucun ne fait consensus pour le moment.<\/p>\n\n\n\n<p>\u00ab\u00a0Cependant, l&rsquo;int\u00e9gration de l&rsquo;UA au sein du G20 fait partie de ces petites gouttes qui contribuent \u00e0 redessiner l&rsquo;architecture mondiale dans son ensemble\u00a0\u00bb, fait valoir Jean-Joseph Boilllot.\u00a0\u00ab\u00a0On a actuellement une fabrique de nouvelles normes internationales qui visent \u00e0 \u00e9viter que le monde ne se &lsquo;d\u00e9mondialise&rsquo; ou ne se d\u00e9sint\u00e8gre. La question de l&rsquo;\u00e9largissement du Conseil permanent sera donc de nouveau pos\u00e9e.\u00a0\u00bb<\/p>\n\n\n\n<p>France 24<\/p>\n","protected":false},"excerpt":{"rendered":"<p>Selon Bloomberg, le G20 qui se r\u00e9unit ce week-end en Inde a d\u00e9cid\u00e9 d&rsquo;accorder le statut de membre permanent \u00e0<\/p>\n","protected":false},"author":1,"featured_media":20945,"comment_status":"open","ping_status":"open","sticky":false,"template":"","format":"standard","meta":{"footnotes":""},"categories":[51],"tags":[],"class_list":["post-20944","post","type-post","status-publish","format-standard","has-post-thumbnail","hentry","category-general"],"_links":{"self":[{"href":"https:\/\/dekkbi.com\/index.php?rest_route=\/wp\/v2\/posts\/20944","targetHints":{"allow":["GET"]}}],"collection":[{"href":"https:\/\/dekkbi.com\/index.php?rest_route=\/wp\/v2\/posts"}],"about":[{"href":"https:\/\/dekkbi.com\/index.php?rest_route=\/wp\/v2\/types\/post"}],"author":[{"embeddable":true,"href":"https:\/\/dekkbi.com\/index.php?rest_route=\/wp\/v2\/users\/1"}],"replies":[{"embeddable":true,"href":"https:\/\/dekkbi.com\/index.php?rest_route=%2Fwp%2Fv2%2Fcomments&post=20944"}],"version-history":[{"count":1,"href":"https:\/\/dekkbi.com\/index.php?rest_route=\/wp\/v2\/posts\/20944\/revisions"}],"predecessor-version":[{"id":20946,"href":"https:\/\/dekkbi.com\/index.php?rest_route=\/wp\/v2\/posts\/20944\/revisions\/20946"}],"wp:featuredmedia":[{"embeddable":true,"href":"https:\/\/dekkbi.com\/index.php?rest_route=\/wp\/v2\/media\/20945"}],"wp:attachment":[{"href":"https:\/\/dekkbi.com\/index.php?rest_route=%2Fwp%2Fv2%2Fmedia&parent=20944"}],"wp:term":[{"taxonomy":"category","embeddable":true,"href":"https:\/\/dekkbi.com\/index.php?rest_route=%2Fwp%2Fv2%2Fcategories&post=20944"},{"taxonomy":"post_tag","embeddable":true,"href":"https:\/\/dekkbi.com\/index.php?rest_route=%2Fwp%2Fv2%2Ftags&post=20944"}],"curies":[{"name":"wp","href":"https:\/\/api.w.org\/{rel}","templated":true}]}}