{"id":20913,"date":"2023-09-08T11:20:16","date_gmt":"2023-09-08T11:20:16","guid":{"rendered":"https:\/\/dekkbi.com\/?p=20913"},"modified":"2023-09-08T11:20:17","modified_gmt":"2023-09-08T11:20:17","slug":"au-niger-le-jour-sans-fin-de-soldats-francais-cloitres-dans-leur-camp","status":"publish","type":"post","link":"https:\/\/dekkbi.com\/?p=20913","title":{"rendered":"Au Niger, le jour sans fin de soldats fran\u00e7ais clo\u00eetr\u00e9s dans leur camp"},"content":{"rendered":"\n<p>Au Niger, le coup d&rsquo;\u00c9tat a eu lieu il y a plus de six semaines. C&rsquo;\u00e9tait le 26 juillet 2023. Depuis, Paris a suspendu le partenariat de combat avec les Forces arm\u00e9es nig\u00e9riennes (FAN). Les 1\u00a0500 soldats fran\u00e7ais pr\u00e9sents dans le pays ne sortent plus de leur base. RFI a pu joindre des militaires fran\u00e7ais clo\u00eetr\u00e9s dans leur camp de Niamey, ils \u00e9voquent leur quotidien.<\/p>\n\n\n\n<p>Soldats, aviateurs et techniciens de la base de Niamey n&rsquo;ont pour horizon que la piste d&rsquo;aviation sur laquelle les chasseurs ne d\u00e9collent plus et sur laquelle le fret a\u00e9rien qui venait de France n&rsquo;atterrit plus. \u00ab&nbsp;<em>On est pass\u00e9 d&rsquo;une mission passionnante, le partenariat de combat avec les forces nig\u00e9riennes, \u00e0 une ambiance un peu pesante<\/em>&nbsp;\u00bb, confie un officier.<\/p>\n\n\n\n<h2 class=\"wp-block-heading\">\u00ab<em>On peut rester ici longtemps, mais on va finir par se demander pour quoi faire<\/em>\u00bb<\/h2>\n\n\n\n<p>\u00ab\u00a0<em>Techniquement, on peut rester ici longtemps<\/em>\u00a0\u00bb, assure un autre militaire. Les stocks de nourriture sont importants et de temps \u00e0 autre, des produits frais entrent m\u00eame sur la base. \u00ab<em>\u00a0Mais<\/em>, souffle-t-il,<em>\u00a0on va finir par se demander pour quoi faire.\u00a0<\/em>\u00bb<\/p>\n\n\n\n<p>Les journ\u00e9es sont rythm\u00e9es par l&rsquo;entretien des mat\u00e9riels, les m\u00e9canos font tourner les moteurs des h\u00e9licos sans enclencher les rotors, les officiers planifient et \u00e9changent avec leurs homologues nig\u00e9riens sur des sujets techniques. \u00ab&nbsp;<em>On sent chez eux une certaine incompr\u00e9hension de la position fran\u00e7aise<\/em>&nbsp;\u00bb, confie un grad\u00e9. \u00ab&nbsp;<em>Mais de soldat \u00e0 soldat, on arrive \u00e0 se parler. Au d\u00e9but du mois d\u2019ao\u00fbt, on a pu ressentir chez nos partenaires un certain regret de voir ce partenariat tr\u00e8s \u00e9troit s\u2019arr\u00eater. Depuis, ce sentiment \u00ab\u00a0s\u2019estompe\u00a0\u00bb.<\/em>&nbsp;\u00bb<\/p>\n\n\n\n<h2 class=\"wp-block-heading\">\u00ab<em>Heureusement que la Coupe du monde de rugby commence!\u00a0<\/em>\u00bb<\/h2>\n\n\n\n<p>Le d\u00e9tachement de 150 soldats fran\u00e7ais pr\u00e9sents au nord du Niger, le long de la fronti\u00e8re avec le Mali, est \u00e9galement clo\u00eetr\u00e9 dans le camp de Ouallam. \u00ab&nbsp;<em>Pour eux, l\u2019approvisionnement est plus complexe<\/em>&nbsp;\u00bb, reconna\u00eet un officier. \u00ab&nbsp;<em>Mais, loin de Niamey, il y a aussi moins de pression, c\u2019est rustique, mais ils vivent comme en op\u00e9ration<\/em>&nbsp;\u00bb, ajoute-t-il.<\/p>\n\n\n\n<p>Plus de lien avec la m\u00e9tropole, plus de mission, plus de sortie bien s\u00fbr, et avec un thermom\u00e8tre qui taquine les 40 degr\u00e9s, les journ\u00e9es sont donc longues sur la base&nbsp;a\u00e9rienne projet\u00e9e (BAP) de Niamey. Alors, on organise des concours sportifs. \u00ab&nbsp;<em>Les chefs savent occuper les hommes<\/em>&nbsp;\u00bb, dit un galonn\u00e9, qui ajoute aussit\u00f4t : \u00ab&nbsp;<em>Heureusement que la Coupe du monde de rugby commence ce vendredi !<\/em>&nbsp;\u00bb<\/p>\n","protected":false},"excerpt":{"rendered":"<p>Au Niger, le coup d&rsquo;\u00c9tat a eu lieu il y a plus de six semaines. C&rsquo;\u00e9tait le 26 juillet 2023.<\/p>\n","protected":false},"author":1,"featured_media":20914,"comment_status":"open","ping_status":"open","sticky":false,"template":"","format":"standard","meta":{"footnotes":""},"categories":[51],"tags":[],"class_list":["post-20913","post","type-post","status-publish","format-standard","has-post-thumbnail","hentry","category-general"],"_links":{"self":[{"href":"https:\/\/dekkbi.com\/index.php?rest_route=\/wp\/v2\/posts\/20913","targetHints":{"allow":["GET"]}}],"collection":[{"href":"https:\/\/dekkbi.com\/index.php?rest_route=\/wp\/v2\/posts"}],"about":[{"href":"https:\/\/dekkbi.com\/index.php?rest_route=\/wp\/v2\/types\/post"}],"author":[{"embeddable":true,"href":"https:\/\/dekkbi.com\/index.php?rest_route=\/wp\/v2\/users\/1"}],"replies":[{"embeddable":true,"href":"https:\/\/dekkbi.com\/index.php?rest_route=%2Fwp%2Fv2%2Fcomments&post=20913"}],"version-history":[{"count":1,"href":"https:\/\/dekkbi.com\/index.php?rest_route=\/wp\/v2\/posts\/20913\/revisions"}],"predecessor-version":[{"id":20915,"href":"https:\/\/dekkbi.com\/index.php?rest_route=\/wp\/v2\/posts\/20913\/revisions\/20915"}],"wp:featuredmedia":[{"embeddable":true,"href":"https:\/\/dekkbi.com\/index.php?rest_route=\/wp\/v2\/media\/20914"}],"wp:attachment":[{"href":"https:\/\/dekkbi.com\/index.php?rest_route=%2Fwp%2Fv2%2Fmedia&parent=20913"}],"wp:term":[{"taxonomy":"category","embeddable":true,"href":"https:\/\/dekkbi.com\/index.php?rest_route=%2Fwp%2Fv2%2Fcategories&post=20913"},{"taxonomy":"post_tag","embeddable":true,"href":"https:\/\/dekkbi.com\/index.php?rest_route=%2Fwp%2Fv2%2Ftags&post=20913"}],"curies":[{"name":"wp","href":"https:\/\/api.w.org\/{rel}","templated":true}]}}