{"id":20907,"date":"2023-09-08T10:50:04","date_gmt":"2023-09-08T10:50:04","guid":{"rendered":"https:\/\/dekkbi.com\/?p=20907"},"modified":"2023-09-08T10:50:05","modified_gmt":"2023-09-08T10:50:05","slug":"macky-sall-condamne-fermement-lattaque-contre-le-bateau-tombouctou","status":"publish","type":"post","link":"https:\/\/dekkbi.com\/?p=20907","title":{"rendered":"Macky Sall condamne \u00ab\u00a0fermement\u00a0\u00bb l\u2019attaque contre le bateau \u00ab\u00a0Tombouctou\u00a0\u00bb"},"content":{"rendered":"\n<p>Dakar, 8 sept (APS) \u2013 Le pr\u00e9sident de la R\u00e9publique, Macky Sall, a condamn\u00e9 l\u2019attaque terroriste perp\u00e9tr\u00e9e jeudi contre le bateau \u2018\u2019Tombouctou\u2019\u2019 sur le fleuve Niger, au Mali.<\/p>\n\n\n\n<p>Soixante-quatre personnes, dont 49 civils et 15 soldats, ont \u00e9t\u00e9 tu\u00e9es dans deux attaques distinctes, ce jeudi au Mali. L\u2019une d\u2019elle a vis\u00e9 le \u2018\u2019Tombouctou\u2019\u2019, un&nbsp; bateau assurant la liaison entre Koulikoro et Gao sur le fleuve Niger, et une autre une base de l\u2019arm\u00e9e malienne situ\u00e9e \u00e0 Bamba, dans la zone de Gao.<\/p>\n\n\n\n<p>Depuis Dar es Salam, en Tanzanie, o\u00f9 il participe au sommet sur les syst\u00e8mes alimentaires africains, le pr\u00e9sident Macky Sall a fermement condamn\u00e9 l\u2019attaque contre le Tombouctou.<\/p>\n\n\n\n<p>\u2018\u2019Je condamne fermement l\u2019attaque terroriste perp\u00e9tr\u00e9e contre le bateau \u00ab Tombouctou \u00bb ce 07 septembre 2023\u2019\u2019, a-t-il \u00e9crit sur son compte X (anciennement Twitter\u2019\u2019.<\/p>\n\n\n\n<p>Il a adress\u00e9 ses \u2018\u2019condol\u00e9ances \u00e9mues au Colonel Assimi Goita, Pr\u00e9sident de la Transition, aux familles endeuill\u00e9es et au peuple malien ami et fr\u00e8re\u2019\u2019. \u2018\u2019Paix \u00e0 l\u2019\u00e2me des victimes\u2019\u2019, a-t-il termin\u00e9.<\/p>\n\n\n\n<p>Les deux attaques auraient \u00e9t\u00e9 revendiqu\u00e9es par le Groupe de soutien \u00e0 l\u2019islam et aux musulmans (GSIM), une organisation affili\u00e9e \u00e0 Al-Qaida.<\/p>\n\n\n\n<p>ASG<\/p>\n","protected":false},"excerpt":{"rendered":"<p>Dakar, 8 sept (APS) \u2013 Le pr\u00e9sident de la R\u00e9publique, Macky Sall, a condamn\u00e9 l\u2019attaque terroriste perp\u00e9tr\u00e9e jeudi contre le<\/p>\n","protected":false},"author":1,"featured_media":20908,"comment_status":"open","ping_status":"open","sticky":false,"template":"","format":"standard","meta":{"footnotes":""},"categories":[26],"tags":[],"class_list":["post-20907","post","type-post","status-publish","format-standard","has-post-thumbnail","hentry","category-fait-divers"],"_links":{"self":[{"href":"https:\/\/dekkbi.com\/index.php?rest_route=\/wp\/v2\/posts\/20907","targetHints":{"allow":["GET"]}}],"collection":[{"href":"https:\/\/dekkbi.com\/index.php?rest_route=\/wp\/v2\/posts"}],"about":[{"href":"https:\/\/dekkbi.com\/index.php?rest_route=\/wp\/v2\/types\/post"}],"author":[{"embeddable":true,"href":"https:\/\/dekkbi.com\/index.php?rest_route=\/wp\/v2\/users\/1"}],"replies":[{"embeddable":true,"href":"https:\/\/dekkbi.com\/index.php?rest_route=%2Fwp%2Fv2%2Fcomments&post=20907"}],"version-history":[{"count":1,"href":"https:\/\/dekkbi.com\/index.php?rest_route=\/wp\/v2\/posts\/20907\/revisions"}],"predecessor-version":[{"id":20909,"href":"https:\/\/dekkbi.com\/index.php?rest_route=\/wp\/v2\/posts\/20907\/revisions\/20909"}],"wp:featuredmedia":[{"embeddable":true,"href":"https:\/\/dekkbi.com\/index.php?rest_route=\/wp\/v2\/media\/20908"}],"wp:attachment":[{"href":"https:\/\/dekkbi.com\/index.php?rest_route=%2Fwp%2Fv2%2Fmedia&parent=20907"}],"wp:term":[{"taxonomy":"category","embeddable":true,"href":"https:\/\/dekkbi.com\/index.php?rest_route=%2Fwp%2Fv2%2Fcategories&post=20907"},{"taxonomy":"post_tag","embeddable":true,"href":"https:\/\/dekkbi.com\/index.php?rest_route=%2Fwp%2Fv2%2Ftags&post=20907"}],"curies":[{"name":"wp","href":"https:\/\/api.w.org\/{rel}","templated":true}]}}