{"id":20889,"date":"2023-09-08T10:23:08","date_gmt":"2023-09-08T10:23:08","guid":{"rendered":"https:\/\/dekkbi.com\/?p=20889"},"modified":"2023-09-08T10:23:10","modified_gmt":"2023-09-08T10:23:10","slug":"macky-sall-a-dar-es-salaam-lafrique-ne-devrait-avoir-ni-faim-ni-soif","status":"publish","type":"post","link":"https:\/\/dekkbi.com\/?p=20889","title":{"rendered":"Macky Sall \u00e0 Dar es Salaam: \u201c l\u2019Afrique ne devrait avoir ni faim ni soif\u201d"},"content":{"rendered":"\n<p>Le Pr\u00e9sident de la R\u00e9publique, Macky Sall,&nbsp; a pris part, ce jeudi 7 septembre, \u00e0 Dar es Salaam, ancienne capitale de la Tanzanie, au Sommet sur les syst\u00e8mes alimentaires en Afrique.&nbsp; M. Sall a estim\u00e9 lors de son allocution que \u201cl\u2019Afrique ne devrait avoir ni faim, ni soif\u201d.&nbsp; \u201cBien au contraire, elle devrait pouvoir se nourrir et aider \u00e0 nourrir le monde au lieu de continuer \u00e0 importer, et pire encore, \u00e0 d\u00e9pendre de l\u2019aide pour satisfaire l\u2019essentiel de ses besoins alimentaires\u201d, a-t-il ajout\u00e9.<\/p>\n\n\n\n<p>Le chef de l\u2019\u00c9tat&nbsp; s\u00e9n\u00e9galais a soulign\u00e9 le \u201cparadoxe\u201d de la faim en Afrique : \u201cLes chiffres parlent d\u2019eux-m\u00eames : selon l\u2019estimation des Nations Unies, plus de 750 millions de personnes, dont pr\u00e8s de 240 millions d\u2019africains, vivent aujourd\u2019hui dans l\u2019ins\u00e9curit\u00e9 alimentaire. La faim en Afrique n\u2019est pas seulement une pr\u00e9occupation ; c\u2019est aussi et surtout un grand paradoxe pour un continent de 1,4 milliard d\u2019habitants et 30 millions de km2, disposant de 60% des terres arables non exploit\u00e9es de la plan\u00e8te et d\u2019abondantes ressources hydriques\u201d.<\/p>\n\n\n\n<p><strong>\u201cAu S\u00e9n\u00e9gal, nos progr\u00e8s sont r\u00e9els\u201d<\/strong><\/p>\n\n\n\n<p>Face \u00e0 ses pairs, Macky Sall a mis en avant les efforts du S\u00e9n\u00e9gal pour am\u00e9liorer la s\u00e9curit\u00e9 alimentaire. \u00ab&nbsp;Au S\u00e9n\u00e9gal, nous avons port\u00e9 \u00e0 12% la part de l\u2019agriculture dans le budget g\u00e9n\u00e9ral d\u2019investissement, et augment\u00e9 en deux ans de 75% le financement de la campagne agricole saisonni\u00e8re afin d\u2019acc\u00e9l\u00e9rer notre marche vers la souverainet\u00e9 alimentaire. Nos progr\u00e8s sont r\u00e9els, m\u00eame si les d\u00e9fis \u00e0 relever restent encore nombreux\u201d, a-t-il dit.<\/p>\n\n\n\n<p>Il a aussi \u00e9voqu\u00e9 les initiatives du S\u00e9n\u00e9gal sur le plan continental pour atteindre l\u2019objectif de souverainet\u00e9 alimentaire : \u201cLe S\u00e9n\u00e9gal a organis\u00e9 en janvier dernier le Dakar II agricole en collaboration avec la BAD, apr\u00e8s le Dakar I en octobre 2015. En trois jours, nous avons pu mobiliser un montant de 30 milliards de dollars pour aider \u00e0 stimuler la production agricole et le commerce de produits alimentaires sur le continent. Depuis lors, ce montant est pass\u00e9 \u00e0 72 milliards de dollars\u201d.<\/p>\n\n\n\n<p>Comme solution aux d\u00e9fis qui se posent \u00e0 l\u2019Afrique en termes de s\u00e9curit\u00e9 alimentaire, Macky Sall a pr\u00e9conis\u00e9, dans un premier temps,&nbsp; \u201cde r\u00e9pondre aux besoins imm\u00e9diats de nos pays en mati\u00e8re d\u2019importation d\u2019engrais et de produits alimentaires aux conditions normales du march\u00e9\u201d.<\/p>\n\n\n\n<p>Ensuite, il s\u2019agira, estime-t-il, de \u201ctravailler avec la partie am\u00e9ricaine et d\u2019autres partenaires en vue d\u2019am\u00e9liorer de fa\u00e7on durable l\u2019investissement dans la production&nbsp; agricole sur le continent\u201d.<\/p>\n","protected":false},"excerpt":{"rendered":"<p>Le Pr\u00e9sident de la R\u00e9publique, Macky Sall,&nbsp; a pris part, ce jeudi 7 septembre, \u00e0 Dar es Salaam, ancienne capitale<\/p>\n","protected":false},"author":1,"featured_media":20890,"comment_status":"open","ping_status":"open","sticky":false,"template":"","format":"standard","meta":{"footnotes":""},"categories":[6],"tags":[],"class_list":["post-20889","post","type-post","status-publish","format-standard","has-post-thumbnail","hentry","category-politics"],"_links":{"self":[{"href":"https:\/\/dekkbi.com\/index.php?rest_route=\/wp\/v2\/posts\/20889","targetHints":{"allow":["GET"]}}],"collection":[{"href":"https:\/\/dekkbi.com\/index.php?rest_route=\/wp\/v2\/posts"}],"about":[{"href":"https:\/\/dekkbi.com\/index.php?rest_route=\/wp\/v2\/types\/post"}],"author":[{"embeddable":true,"href":"https:\/\/dekkbi.com\/index.php?rest_route=\/wp\/v2\/users\/1"}],"replies":[{"embeddable":true,"href":"https:\/\/dekkbi.com\/index.php?rest_route=%2Fwp%2Fv2%2Fcomments&post=20889"}],"version-history":[{"count":1,"href":"https:\/\/dekkbi.com\/index.php?rest_route=\/wp\/v2\/posts\/20889\/revisions"}],"predecessor-version":[{"id":20891,"href":"https:\/\/dekkbi.com\/index.php?rest_route=\/wp\/v2\/posts\/20889\/revisions\/20891"}],"wp:featuredmedia":[{"embeddable":true,"href":"https:\/\/dekkbi.com\/index.php?rest_route=\/wp\/v2\/media\/20890"}],"wp:attachment":[{"href":"https:\/\/dekkbi.com\/index.php?rest_route=%2Fwp%2Fv2%2Fmedia&parent=20889"}],"wp:term":[{"taxonomy":"category","embeddable":true,"href":"https:\/\/dekkbi.com\/index.php?rest_route=%2Fwp%2Fv2%2Fcategories&post=20889"},{"taxonomy":"post_tag","embeddable":true,"href":"https:\/\/dekkbi.com\/index.php?rest_route=%2Fwp%2Fv2%2Ftags&post=20889"}],"curies":[{"name":"wp","href":"https:\/\/api.w.org\/{rel}","templated":true}]}}