{"id":20822,"date":"2023-09-07T10:49:35","date_gmt":"2023-09-07T10:49:35","guid":{"rendered":"https:\/\/dekkbi.com\/?p=20822"},"modified":"2023-09-07T10:49:36","modified_gmt":"2023-09-07T10:49:36","slug":"financements-durables-le-senegal-publie-son-document-cadre","status":"publish","type":"post","link":"https:\/\/dekkbi.com\/?p=20822","title":{"rendered":"Financements durables: Le S\u00e9n\u00e9gal publie son document-cadre"},"content":{"rendered":"\n<p><strong>Le S\u00e9n\u00e9gal s\u2019attaque aux financements durables. Le minist\u00e8re des Finances et du budget a publi\u00e9 le document-cadre de financements durables pour la mobilisation de fonds sur le march\u00e9 international des capitaux et aupr\u00e8s des bailleurs internationaux. L\u2019objectif est de \u00abpermettre au S\u00e9n\u00e9gal de combiner ou d\u2019alterner fl\u00e9chage des fonds et indexation des caract\u00e9ristiques de financement \u00e0 des cibles officielles de d\u00e9veloppement durable\u00bb.<\/strong><\/p>\n\n\n\n<p><strong>Par Malick GAYE \u2013\u00a0<\/strong>L\u2019Etat du S\u00e9n\u00e9gal a publi\u00e9 un document-cadre de financements durables pour la mobilisation de fonds sur le march\u00e9 international des capitaux et aupr\u00e8s des bailleurs internationaux. L\u2019information \u00e9mane du minist\u00e8re des Finances et du budget. Dans un communiqu\u00e9, les autorit\u00e9s affirment que \u00able document de r\u00e9f\u00e9rence permettra \u00e0 l\u2019Etat du S\u00e9n\u00e9gal de mobiliser des financements sur le march\u00e9 international des capitaux et aupr\u00e8s des bailleurs internationaux. Les crit\u00e8res d\u2019\u00e9ligibilit\u00e9 pourront \u00e9galement \u00eatre utilis\u00e9s comme r\u00e9f\u00e9rence par les collectivit\u00e9s territoriales, ainsi que par les entreprises publiques sous le contr\u00f4le ou la tutelle d\u2019un minist\u00e8re\u00bb. A cet effet, pr\u00e9cise le communiqu\u00e9, \u00abce document de r\u00e9f\u00e9rence permettra au S\u00e9n\u00e9gal de combiner ou d\u2019alterner fl\u00e9chage des fonds et indexation des caract\u00e9ristiques de financement \u00e0 des cibles officielles de d\u00e9veloppement durable\u00bb. Car le S\u00e9n\u00e9gal est \u00able premier pays \u00e0 articuler les logiques de moyens et de r\u00e9sultat en combinant les financements au format fl\u00e9ch\u00e9 et\/ou index\u00e9 \u00e0 la performance\u00bb. Toujours selon le communiqu\u00e9, parmi les dix cat\u00e9gories de d\u00e9penses \u00e9ligibles aux fl\u00e9chages des fonds, sept sont sociales et trois environnementales. L\u2019acc\u00e8s aux infrastructures et services de base dont l\u2019\u00e9ducation, ressort comme une priorit\u00e9.<\/p>\n\n\n\n<p><br>\u00abLe S\u00e9n\u00e9gal d\u00e9montre le caract\u00e8re innovant de sa gestion des financements, ainsi que son engagement en faveur des Objectifs de d\u00e9veloppement durable (Odd). Cette d\u00e9marche ouvre la voie \u00e0 de nouveaux partenariats entre \u00e9metteurs publics et investisseurs priv\u00e9s dans l\u2019atteinte de ces objectifs universels\u00bb, poursuit le texte. Ainsi, concernant les financements au format index\u00e9 \u00e0 la performance en mati\u00e8re de d\u00e9veloppement durable, un rapport d\u2019avancement sur les indicateurs s\u00e9lectionn\u00e9s sera publi\u00e9 annuellement jusqu\u2019\u00e0 la derni\u00e8re date d\u2019observation et revu par la Cour des comptes. Un rapport d\u2019observation des cibles de performance durable sera publi\u00e9 aux dates pr\u00e9vues lors de l\u2019\u00e9mission. La Banque mondiale ainsi que le Programme des Nations unies pour le d\u00e9veloppement (Pnud) participent respectivement \u00e0 l\u2019animation des programmes de financements durables. Cela passe par \u00abla formalisation d\u2019indicateurs de performance durable et la mod\u00e9lisation de leurs cibles et trajectoires dans le cadre d\u2019une assistance technique\u00bb et \u00abl\u2019accompagnement dans l\u2019\u00e9tablissement de rapports d\u2019impact\u00bb.<\/p>\n\n\n\n<p><br><strong>mgaye@lequotidien.sn<\/strong><\/p>\n","protected":false},"excerpt":{"rendered":"<p>Le S\u00e9n\u00e9gal s\u2019attaque aux financements durables. Le minist\u00e8re des Finances et du budget a publi\u00e9 le document-cadre de financements durables<\/p>\n","protected":false},"author":1,"featured_media":20823,"comment_status":"open","ping_status":"open","sticky":false,"template":"","format":"standard","meta":{"footnotes":""},"categories":[3],"tags":[],"class_list":["post-20822","post","type-post","status-publish","format-standard","has-post-thumbnail","hentry","category-event-more-news"],"_links":{"self":[{"href":"https:\/\/dekkbi.com\/index.php?rest_route=\/wp\/v2\/posts\/20822","targetHints":{"allow":["GET"]}}],"collection":[{"href":"https:\/\/dekkbi.com\/index.php?rest_route=\/wp\/v2\/posts"}],"about":[{"href":"https:\/\/dekkbi.com\/index.php?rest_route=\/wp\/v2\/types\/post"}],"author":[{"embeddable":true,"href":"https:\/\/dekkbi.com\/index.php?rest_route=\/wp\/v2\/users\/1"}],"replies":[{"embeddable":true,"href":"https:\/\/dekkbi.com\/index.php?rest_route=%2Fwp%2Fv2%2Fcomments&post=20822"}],"version-history":[{"count":1,"href":"https:\/\/dekkbi.com\/index.php?rest_route=\/wp\/v2\/posts\/20822\/revisions"}],"predecessor-version":[{"id":20824,"href":"https:\/\/dekkbi.com\/index.php?rest_route=\/wp\/v2\/posts\/20822\/revisions\/20824"}],"wp:featuredmedia":[{"embeddable":true,"href":"https:\/\/dekkbi.com\/index.php?rest_route=\/wp\/v2\/media\/20823"}],"wp:attachment":[{"href":"https:\/\/dekkbi.com\/index.php?rest_route=%2Fwp%2Fv2%2Fmedia&parent=20822"}],"wp:term":[{"taxonomy":"category","embeddable":true,"href":"https:\/\/dekkbi.com\/index.php?rest_route=%2Fwp%2Fv2%2Fcategories&post=20822"},{"taxonomy":"post_tag","embeddable":true,"href":"https:\/\/dekkbi.com\/index.php?rest_route=%2Fwp%2Fv2%2Ftags&post=20822"}],"curies":[{"name":"wp","href":"https:\/\/api.w.org\/{rel}","templated":true}]}}