{"id":20820,"date":"2023-09-07T10:45:48","date_gmt":"2023-09-07T10:45:48","guid":{"rendered":"https:\/\/dekkbi.com\/?p=20820"},"modified":"2023-09-07T10:45:50","modified_gmt":"2023-09-07T10:45:50","slug":"lutte-contre-linflation-la-bceao-releve-ses-taux-directeurs","status":"publish","type":"post","link":"https:\/\/dekkbi.com\/?p=20820","title":{"rendered":"Lutte contre l\u2019inflation : La Bceao rel\u00e8ve ses taux directeurs"},"content":{"rendered":"\n<p><strong>Apr\u00e8s une hausse de 25 points au premier trimestre 2023, le Comit\u00e9 de politique mon\u00e9taire (Cpm) de la Banque centrale des Etats de l\u2019Afrique de l\u2019Ouest (Bceao) a d\u00e9cid\u00e9, \u00e0 l\u2019issue de sa deuxi\u00e8me r\u00e9union trimestrielle 2023, tenue hier, de relever encore de 25 points le principal taux directeur auquel la Bceao pr\u00eate ses ressources aux banques, pour le porter \u00e0 3, 25%. Cela \u00e0 compter du 16 septembre 2023.<\/strong><\/p>\n\n\n\n<p><strong>Par Dialigu\u00e9 FAYE \u2013\u00a0<\/strong>Le Comit\u00e9 de politique mon\u00e9taire (Cpm) de la Banque centrale des Etats de l\u2019Afrique de l\u2019Ouest (Bceao) a d\u00e9cid\u00e9, \u00e0 l\u2019issue de sa r\u00e9union ordinaire tenue hier \u00e0 Dakar, de relever de 25 points de base les taux directeurs de la Banque centrale, \u00e0 compter du 16 septembre 2023. Ainsi, le principal taux directeur auquel la Banque centrale pr\u00eate ses ressources aux banques passe de 3 \u00e0 3, 25%.<br>Pour rappel, au premier trimestre 2023, ce taux directeur de la Bceao avait \u00e9t\u00e9 relev\u00e9 de 25 points de base, passant de 2, 25 \u00e0 3%. D\u2019apr\u00e8s le Gouverneur de la Bceao, Jean-Claude Kassi Brou, par ailleurs pr\u00e9sident du Cpm, et ses collaborateurs, \u00abcette hausse des taux directeurs vise \u00e0 anticiper et \u00e0 contenir l\u2019impact de ces facteurs de risque sur les perspectives macro\u00e9conomiques de l\u2019Union\u00bb. Et le Cpm d\u2019invoquer \u00abun contexte de mont\u00e9e des incertitudes au niveau r\u00e9gional, de persistance des tensions inflationnistes, de rench\u00e9rissement des conditions financi\u00e8res sur les march\u00e9s internationaux et de moindre mobilisation de ressources ext\u00e9rieures\u00bb. Mieux, pr\u00e9cise le patron de l\u2019institut d\u2019\u00e9mission commun aux huit pays de l\u2019Uemoa, \u00abl\u2019inflation au sein de l\u2019Union continue de baisser, puisque le taux d\u2019inflation, en rythme annuel, qui avait atteint 5, 8% au premier trimestre 2023, a baiss\u00e9 \u00e0 4% au deuxi\u00e8me trimestre. En juillet 2023, le taux d\u2019inflation dans l\u2019Union est ressorti \u00e0 3, 4%. Mais nous n\u2019avons pas encore atteint notre objectif, c\u2019est-\u00e0-dire un taux d\u2019inflation compris entre 1 et 3%. Ensuite, il y a des risques importants de hausse de l\u2019inflation, puisqu\u2019il y a des augmentations, notamment au niveau international, sur les prix des produits p\u00e9troliers. Et ces prix-l\u00e0, compte tenu du fait que nous sommes un importateur net, impactent directement le taux d\u2019inflation. Il y a eu des ajustements au niveau de la r\u00e9gion sur certains prix des produits \u00e9nerg\u00e9tiques\u00bb. Donc, poursuit le gouverneur, \u00able fait que nous ne soyons pas encore au point o\u00f9 nous voulons arriver, compte tenu de ces \u00e9l\u00e9ments de risque qui sont l\u00e0, il est important de prendre ces \u00e9volutions en consid\u00e9ration.\u00a0La deuxi\u00e8me raison, c\u2019est que nous avons des risques importants dans l\u2019Union\u00a0: des risques sociopolitiques et des risques de s\u00e9curit\u00e9 dans la r\u00e9gion, et ces risques peuvent avoir un impact sur la production. Notamment dans les zones de production c\u00e9r\u00e9ali\u00e8re. Dans certains pays, les risques de commercialisation et de distribution et ces risques impactent directement l\u2019inflation, notamment les prix des produits vivriers. Donc \u00e7a, c\u2019est un \u00e9l\u00e9ment donc \u00e0 prendre en compte. Il y a un troisi\u00e8me facteur de risque qu\u2019il a fallu \u00e9galement int\u00e9grer, c\u2019est qu\u2019au niveau international, l\u2019inflation reste \u00e9lev\u00e9e. Toutes les banques centrales continuent le durcissement de leur politique mon\u00e9taire.<br>Le comit\u00e9 de politique mon\u00e9taire a estim\u00e9 qu\u2019il \u00e9tait quand m\u00eame n\u00e9cessaire de pr\u00e9venir la concr\u00e9tisation de mani\u00e8re compl\u00e8te de tous ces risques sur nos objectifs et donc a d\u00e9cid\u00e9 de relever tr\u00e8s l\u00e9g\u00e8rement le taux directeur de la Banque centrale \u00e0 3, 25 %, qui reste quand m\u00eame l\u2019un des taux directeurs dans la r\u00e9gion pratiquement les plus faibles\u00bb. Quid de l\u2019activit\u00e9 \u00e9conomique au sein de l\u2019Uemoa\u00a0? Le Cpm rel\u00e8ve une progression au deuxi\u00e8me trimestre 2023. Et pour la croissance \u00e9conomique de l\u2019ann\u00e9e 2023, l\u2019instance charg\u00e9e de la d\u00e9finition de la politique mon\u00e9taire au sein de l\u2019Union \u00e9conomique et mon\u00e9taire ouest-africaine table sur un taux de 5,6%. Avant de faire \u00e9tat d\u2019une \u00e9volution des cr\u00e9dits \u00e0 l\u2019\u00e9conomie \u00e0 un rythme soutenu, enregistrant une\u00a0progression de 16, 2%, en rythme annuel, \u00e0 fin juin 2023, apr\u00e8s 16, 6% \u00e0 fin mars 2023. Cette bonne orientation, renseigne le Cpm, \u00abpermet de soutenir l\u2019activit\u00e9 \u00e9conomique dans l\u2019Union\u00bb.<\/p>\n\n\n\n<p><br><strong>dialigue@lequotidien.sn<\/strong><\/p>\n","protected":false},"excerpt":{"rendered":"<p>Apr\u00e8s une hausse de 25 points au premier trimestre 2023, le Comit\u00e9 de politique mon\u00e9taire (Cpm) de la Banque centrale<\/p>\n","protected":false},"author":1,"featured_media":13702,"comment_status":"open","ping_status":"open","sticky":false,"template":"","format":"standard","meta":{"footnotes":""},"categories":[3],"tags":[],"class_list":["post-20820","post","type-post","status-publish","format-standard","has-post-thumbnail","hentry","category-event-more-news"],"_links":{"self":[{"href":"https:\/\/dekkbi.com\/index.php?rest_route=\/wp\/v2\/posts\/20820","targetHints":{"allow":["GET"]}}],"collection":[{"href":"https:\/\/dekkbi.com\/index.php?rest_route=\/wp\/v2\/posts"}],"about":[{"href":"https:\/\/dekkbi.com\/index.php?rest_route=\/wp\/v2\/types\/post"}],"author":[{"embeddable":true,"href":"https:\/\/dekkbi.com\/index.php?rest_route=\/wp\/v2\/users\/1"}],"replies":[{"embeddable":true,"href":"https:\/\/dekkbi.com\/index.php?rest_route=%2Fwp%2Fv2%2Fcomments&post=20820"}],"version-history":[{"count":1,"href":"https:\/\/dekkbi.com\/index.php?rest_route=\/wp\/v2\/posts\/20820\/revisions"}],"predecessor-version":[{"id":20821,"href":"https:\/\/dekkbi.com\/index.php?rest_route=\/wp\/v2\/posts\/20820\/revisions\/20821"}],"wp:featuredmedia":[{"embeddable":true,"href":"https:\/\/dekkbi.com\/index.php?rest_route=\/wp\/v2\/media\/13702"}],"wp:attachment":[{"href":"https:\/\/dekkbi.com\/index.php?rest_route=%2Fwp%2Fv2%2Fmedia&parent=20820"}],"wp:term":[{"taxonomy":"category","embeddable":true,"href":"https:\/\/dekkbi.com\/index.php?rest_route=%2Fwp%2Fv2%2Fcategories&post=20820"},{"taxonomy":"post_tag","embeddable":true,"href":"https:\/\/dekkbi.com\/index.php?rest_route=%2Fwp%2Fv2%2Ftags&post=20820"}],"curies":[{"name":"wp","href":"https:\/\/api.w.org\/{rel}","templated":true}]}}