{"id":20807,"date":"2023-09-07T10:23:56","date_gmt":"2023-09-07T10:23:56","guid":{"rendered":"https:\/\/dekkbi.com\/?p=20807"},"modified":"2023-09-07T12:22:17","modified_gmt":"2023-09-07T12:22:17","slug":"senegal-collectivites-des-organisations-mutualisent-leurs-efforts-pour-preserver-lenvironnement-a-dakar","status":"publish","type":"post","link":"https:\/\/dekkbi.com\/?p=20807","title":{"rendered":"Des organisations mutualisent leurs efforts pour pr\u00e9server l\u2019environnement \u00e0 Dakar"},"content":{"rendered":"\n<p>Pikine,  (APS) \u2013 Des organisations engag\u00e9es dans la protection de l\u2019environnement, de l\u2019hygi\u00e8ne et de l\u2019assainissement ont sign\u00e9 r\u00e9cemment un protocole de partenariat en vue de mutualiser leurs efforts dans la sensibilisation des populations, des partenaires et d\u00e9cideurs sur ces questions, a-t-on appris mercredi.<\/p>\n\n\n\n<p>Il s\u2019agit du comit\u00e9 de gestion de l\u2019Aire marine prot\u00e9g\u00e9e de Gor\u00e9e (AMP-Gor\u00e9e), du Cadre de r\u00e9flexion et d\u2019action des journalistes pour l\u2019hygi\u00e8ne, l\u2019eau et l\u2019assainissement (CRAJHEA) et&nbsp; du R\u00e9seau de la Baie de Hann (qui regroupe plusieurs associations communautaires, la soci\u00e9t\u00e9 &nbsp;civile et divers acteurs), pr\u00e9cise un communiqu\u00e9 transmis \u00e0 l\u2019APS.<\/p>\n\n\n\n<p>Ces organisations ont d\u00e9cid\u00e9 entre autres dans le cadre de leurs activit\u00e9s \u2018\u2019de sensibiliser les populations riveraines de la Baie de Hann, les autorit\u00e9s politiques et le grand public sur les pollutions marines et leurs impacts n\u00e9gatifs\u2019\u2019, ajoute le communiqu\u00e9.<\/p>\n\n\n\n<p>Le communiqu\u00e9 a signal\u00e9 \u00e9galement qu\u2019elles &nbsp;\u00bbont d\u00e9cid\u00e9 de regrouper leurs ressources, leurs moyens et leurs membres&nbsp; dans la lutte contre la pollution \u00e0 travers des activit\u00e9s de nettoyage citoyen sur le long du littoral,&nbsp; de la Baie de Hann sur 5 000 m, et de la plage de la cit\u00e9 ISRA \u00e0 la plage de Dalifort-Bel air&nbsp;\u00bb.<\/p>\n\n\n\n<p>Ces associations ont convenu par ailleurs \u00abd\u2019agir et de sensibiliser les riverains et les citoyens conscients de leur responsabilit\u00e9 \u00e9cologique le long du littoral de Hann-sur-Mer \u00e0 Bargny-sur-Mer\u00bb, selon la m\u00eame source qui ajoute &nbsp;\u00bbqu\u2019elles se sont engag\u00e9es \u00e0 renouveler ce partenariat et \u00e0 l\u2019\u00e9largir en cas de besoin pour la protection et la promotion de nos plages&nbsp;\u00bb.<\/p>\n\n\n\n<p>SG\/AB<\/p>\n","protected":false},"excerpt":{"rendered":"<p>Pikine, (APS) \u2013 Des organisations engag\u00e9es dans la protection de l\u2019environnement, de l\u2019hygi\u00e8ne et de l\u2019assainissement ont sign\u00e9 r\u00e9cemment un<\/p>\n","protected":false},"author":1,"featured_media":20808,"comment_status":"open","ping_status":"open","sticky":false,"template":"","format":"standard","meta":{"footnotes":""},"categories":[21],"tags":[],"class_list":["post-20807","post","type-post","status-publish","format-standard","has-post-thumbnail","hentry","category-societe"],"_links":{"self":[{"href":"https:\/\/dekkbi.com\/index.php?rest_route=\/wp\/v2\/posts\/20807","targetHints":{"allow":["GET"]}}],"collection":[{"href":"https:\/\/dekkbi.com\/index.php?rest_route=\/wp\/v2\/posts"}],"about":[{"href":"https:\/\/dekkbi.com\/index.php?rest_route=\/wp\/v2\/types\/post"}],"author":[{"embeddable":true,"href":"https:\/\/dekkbi.com\/index.php?rest_route=\/wp\/v2\/users\/1"}],"replies":[{"embeddable":true,"href":"https:\/\/dekkbi.com\/index.php?rest_route=%2Fwp%2Fv2%2Fcomments&post=20807"}],"version-history":[{"count":2,"href":"https:\/\/dekkbi.com\/index.php?rest_route=\/wp\/v2\/posts\/20807\/revisions"}],"predecessor-version":[{"id":20868,"href":"https:\/\/dekkbi.com\/index.php?rest_route=\/wp\/v2\/posts\/20807\/revisions\/20868"}],"wp:featuredmedia":[{"embeddable":true,"href":"https:\/\/dekkbi.com\/index.php?rest_route=\/wp\/v2\/media\/20808"}],"wp:attachment":[{"href":"https:\/\/dekkbi.com\/index.php?rest_route=%2Fwp%2Fv2%2Fmedia&parent=20807"}],"wp:term":[{"taxonomy":"category","embeddable":true,"href":"https:\/\/dekkbi.com\/index.php?rest_route=%2Fwp%2Fv2%2Fcategories&post=20807"},{"taxonomy":"post_tag","embeddable":true,"href":"https:\/\/dekkbi.com\/index.php?rest_route=%2Fwp%2Fv2%2Ftags&post=20807"}],"curies":[{"name":"wp","href":"https:\/\/api.w.org\/{rel}","templated":true}]}}