{"id":20559,"date":"2023-09-04T11:06:22","date_gmt":"2023-09-04T11:06:22","guid":{"rendered":"https:\/\/dekkbi.com\/?p=20559"},"modified":"2023-09-04T11:06:22","modified_gmt":"2023-09-04T11:06:22","slug":"kenya-quels-sont-les-enjeux-du-premier-sommet-africain-pour-le-climat","status":"publish","type":"post","link":"https:\/\/dekkbi.com\/?p=20559","title":{"rendered":"Kenya : quels sont les enjeux du premier Sommet africain pour le climat ?"},"content":{"rendered":"\n<p>Un rendez-vous qualifi\u00e9 de \u00ab\u00a0cl\u00e9\u00a0\u00bb pour le continent et la COP28. Les d\u00e9cideurs africains donnent ce lundi 4 septembre au Kenya le coup d&rsquo;envoi d&rsquo;un sommet historique : le premier sommet africain pour le climat. Objectif : faire du continent une puissance \u00e9mergente en mati\u00e8re d&rsquo;\u00e9nergies renouvelables. Quels sont les enjeux de ce sommet qui s&rsquo;ouvre \u00e0 Nairobi ? Tour d&rsquo;horizon.<\/p>\n\n\n\n<p>Ce premier Sommet africain pour le climat lance les quatre mois les plus charg\u00e9s de l&rsquo;ann\u00e9e pour les n\u00e9gociations climatiques internationales, qui culmineront avec une bataille sur la fin des \u00e9nergies fossiles \u00e0 la COP28 \u00e0 Duba\u00ef de fin novembre \u00e0 d\u00e9but d\u00e9cembre.<\/p>\n\n\n\n<h2 class=\"wp-block-heading\">\u00ab\u00a0Un langage commun\u00a0\u00bb&nbsp;<\/h2>\n\n\n\n<p>Pendant trois jours, dirigeants et responsables d&rsquo;Afrique et d&rsquo;ailleurs, dont le chef de l&rsquo;ONU Ant\u00f3nio Guterres, vont \u00eatre accueillis dans la capitale k\u00e9nyane par le pr\u00e9sident William Ruto. Il souhaite que ce sommet permette au continent de trouver un langage commun sur le d\u00e9veloppement et le climat afin de<em>\u00a0\u00ab\u00a0proposer des solutions africaines\u00a0\u00bb<\/em>\u00a0\u00e0 la COP28. Un positionnement africain sur le sujet permettrait de\u00a0<em>\u00ab\u00a0sauver des vies et la plan\u00e8te du d\u00e9sastre<\/em>\u00ab\u00a0, a-t-il d\u00e9clar\u00e9.<\/p>\n\n\n\n<p><em>\u00ab\u00a0Nous aspirons \u00e0 d\u00e9finir un nouvel agenda de la croissance qui permette une prosp\u00e9rit\u00e9 partag\u00e9e et un d\u00e9veloppement durable\u00a0\u00bb<\/em>, a-t-il poursuivi sur X (ex-Twitter), en appelant la communaut\u00e9 internationale \u00e0 d\u00e9gager des fonds pour le continent et \u00e0 all\u00e9ger le poids de la dette pesant sur les pays africains.<\/p>\n","protected":false},"excerpt":{"rendered":"<p>Un rendez-vous qualifi\u00e9 de \u00ab\u00a0cl\u00e9\u00a0\u00bb pour le continent et la COP28. Les d\u00e9cideurs africains donnent ce lundi 4 septembre au<\/p>\n","protected":false},"author":1,"featured_media":15604,"comment_status":"open","ping_status":"open","sticky":false,"template":"","format":"standard","meta":{"footnotes":""},"categories":[6],"tags":[],"class_list":["post-20559","post","type-post","status-publish","format-standard","has-post-thumbnail","hentry","category-politics"],"_links":{"self":[{"href":"https:\/\/dekkbi.com\/index.php?rest_route=\/wp\/v2\/posts\/20559","targetHints":{"allow":["GET"]}}],"collection":[{"href":"https:\/\/dekkbi.com\/index.php?rest_route=\/wp\/v2\/posts"}],"about":[{"href":"https:\/\/dekkbi.com\/index.php?rest_route=\/wp\/v2\/types\/post"}],"author":[{"embeddable":true,"href":"https:\/\/dekkbi.com\/index.php?rest_route=\/wp\/v2\/users\/1"}],"replies":[{"embeddable":true,"href":"https:\/\/dekkbi.com\/index.php?rest_route=%2Fwp%2Fv2%2Fcomments&post=20559"}],"version-history":[{"count":1,"href":"https:\/\/dekkbi.com\/index.php?rest_route=\/wp\/v2\/posts\/20559\/revisions"}],"predecessor-version":[{"id":20560,"href":"https:\/\/dekkbi.com\/index.php?rest_route=\/wp\/v2\/posts\/20559\/revisions\/20560"}],"wp:featuredmedia":[{"embeddable":true,"href":"https:\/\/dekkbi.com\/index.php?rest_route=\/wp\/v2\/media\/15604"}],"wp:attachment":[{"href":"https:\/\/dekkbi.com\/index.php?rest_route=%2Fwp%2Fv2%2Fmedia&parent=20559"}],"wp:term":[{"taxonomy":"category","embeddable":true,"href":"https:\/\/dekkbi.com\/index.php?rest_route=%2Fwp%2Fv2%2Fcategories&post=20559"},{"taxonomy":"post_tag","embeddable":true,"href":"https:\/\/dekkbi.com\/index.php?rest_route=%2Fwp%2Fv2%2Ftags&post=20559"}],"curies":[{"name":"wp","href":"https:\/\/api.w.org\/{rel}","templated":true}]}}