{"id":20557,"date":"2023-09-04T11:01:53","date_gmt":"2023-09-04T11:01:53","guid":{"rendered":"https:\/\/dekkbi.com\/?p=20557"},"modified":"2023-09-04T11:01:54","modified_gmt":"2023-09-04T11:01:54","slug":"touba-les-disciples-bravent-vents-et-marees-pour-celebrer-le-magal","status":"publish","type":"post","link":"https:\/\/dekkbi.com\/?p=20557","title":{"rendered":"Touba : Les disciples bravent vents et mar\u00e9es pour c\u00e9l\u00e9brer le Magal"},"content":{"rendered":"\n<p>Ils sont nombreux \u00e0 vouloir c\u00e9l\u00e9brer le grand Magal dans la ville Sainte de Touba. Cet \u00e9v\u00e9nement de grande envergure accueille chaque ann\u00e9e, des millions de fid\u00e8les venus des quatre coins du monde. Apr\u00e8s un tour fait \u00e0 la grande mosqu\u00e9e qui est bond\u00e9e de p\u00e8lerins, la fatigue se lisait sur chaque visage. La plupart viennent d\u2019arriver apr\u00e8s plusieurs heures de route. Amy S\u00e8ne habill\u00e9e en boubou blanc et portant sur sa t\u00eate un lourd sac, sueur au front, tr\u00e8s \u00e9puis\u00e9e, assure avoir quitt\u00e9 Dakar la nuit avant d&rsquo;arriver apr\u00e8s plusieurs heures de route.Mais pour elle et certains p\u00e8lerins, cette fatigue est in\u00e9vitable \u00e0 l\u2019occasion de ce Magal.\u00ab Je suis tr\u00e8s fatigu\u00e9. J\u2019ai tardivement quitt\u00e9, mais j\u2019ai \u00e9t\u00e9 tr\u00e8s soulag\u00e9 d\u00e8s que j\u2019ai aper\u00e7u la mosqu\u00e9e \u00bb, a assur\u00e9 Khadim, qui lui nous vient de Saint-Louis&#8230;<\/p>\n\n\n\n<p>DAKARACTU<\/p>\n","protected":false},"excerpt":{"rendered":"<p>Ils sont nombreux \u00e0 vouloir c\u00e9l\u00e9brer le grand Magal dans la ville Sainte de Touba. Cet \u00e9v\u00e9nement de grande envergure<\/p>\n","protected":false},"author":1,"featured_media":9610,"comment_status":"open","ping_status":"open","sticky":false,"template":"","format":"standard","meta":{"footnotes":""},"categories":[6],"tags":[],"class_list":["post-20557","post","type-post","status-publish","format-standard","has-post-thumbnail","hentry","category-politics"],"_links":{"self":[{"href":"https:\/\/dekkbi.com\/index.php?rest_route=\/wp\/v2\/posts\/20557","targetHints":{"allow":["GET"]}}],"collection":[{"href":"https:\/\/dekkbi.com\/index.php?rest_route=\/wp\/v2\/posts"}],"about":[{"href":"https:\/\/dekkbi.com\/index.php?rest_route=\/wp\/v2\/types\/post"}],"author":[{"embeddable":true,"href":"https:\/\/dekkbi.com\/index.php?rest_route=\/wp\/v2\/users\/1"}],"replies":[{"embeddable":true,"href":"https:\/\/dekkbi.com\/index.php?rest_route=%2Fwp%2Fv2%2Fcomments&post=20557"}],"version-history":[{"count":1,"href":"https:\/\/dekkbi.com\/index.php?rest_route=\/wp\/v2\/posts\/20557\/revisions"}],"predecessor-version":[{"id":20558,"href":"https:\/\/dekkbi.com\/index.php?rest_route=\/wp\/v2\/posts\/20557\/revisions\/20558"}],"wp:featuredmedia":[{"embeddable":true,"href":"https:\/\/dekkbi.com\/index.php?rest_route=\/wp\/v2\/media\/9610"}],"wp:attachment":[{"href":"https:\/\/dekkbi.com\/index.php?rest_route=%2Fwp%2Fv2%2Fmedia&parent=20557"}],"wp:term":[{"taxonomy":"category","embeddable":true,"href":"https:\/\/dekkbi.com\/index.php?rest_route=%2Fwp%2Fv2%2Fcategories&post=20557"},{"taxonomy":"post_tag","embeddable":true,"href":"https:\/\/dekkbi.com\/index.php?rest_route=%2Fwp%2Fv2%2Ftags&post=20557"}],"curies":[{"name":"wp","href":"https:\/\/api.w.org\/{rel}","templated":true}]}}