{"id":20526,"date":"2023-09-03T13:39:11","date_gmt":"2023-09-03T13:39:11","guid":{"rendered":"https:\/\/dekkbi.com\/?p=20526"},"modified":"2023-09-03T13:39:12","modified_gmt":"2023-09-03T13:39:12","slug":"bras-de-fer-entre-pere-et-fils-khadim-ba-retabli-dans-ses-droits-reprend-locafrique","status":"publish","type":"post","link":"https:\/\/dekkbi.com\/?p=20526","title":{"rendered":"Bras de fer entre p\u00e8re et fils : Khadim B\u00e2 r\u00e9tabli dans ses droits, reprend Locafrique"},"content":{"rendered":"\n<p>Le bras de fer entre le p\u00e8re Amadou B\u00e2 et le fils Khadim B\u00e2 se poursuit toujours. L\u2019affaire est loin de conna\u00eetre son \u00e9pilogue. La victoire du p\u00e8re qui avait obtenu l\u2019expulsion de son fils de Locafrique n\u2019a \u00e9t\u00e9 que de courte dur\u00e9e. Car, Khadim B\u00e2 est en passe de revenir reprendre le moelleux fauteuil. En effet, avant-hier, le juge des contentieux du Tribunal de commerce a ordonn\u00e9 \u00e0 l\u2019Administrateur des Greffes d\u2019effacer les noms du p\u00e8re et de ses collaborateurs sur le Registre de commerce pour remettre ceux de son fils et de son \u00e9quipe. Un coup de th\u00e9\u00e2tre<\/p>\n\n\n\n<p>Les motivations du juge<br>Qu\u2019est-ce qui s\u2019est pass\u00e9 v\u00e9ritablement ? Le juge des contentieux, suivant quasiment le requ\u00e9rant, s\u2019est fond\u00e9 sur une d\u00e9cision du juge de la mise en \u00e9tat du Tribunal de Commerce du 12 avril 2023, qui avait ordonn\u00e9 la suspension des effets du proc\u00e8s-verbal de l\u2019Assembl\u00e9e g\u00e9n\u00e9rale sp\u00e9ciale du 17 f\u00e9vrier 2020 et du proc\u00e8s-verbal du Conseil d\u2019Administration du 24 f\u00e9vrier 2020 jusqu\u2019\u00e0 l\u2019intervention du jugement du Tribunal de Commerce Hors Classe de Dakar dans la cause encore pendante\u00bb.<\/p>\n\n\n\n<p><em>Le juge de la mise en \u00e9tat, faut-il le souligner, avait tenu compte des arguments de Kason Finance selon lesquels, \u00abLocafrique est un \u00e9tablissement bancaire soumis au contr\u00f4le rigoureux de la Bceao\u00bb et que \u00abla perturbation dans sa gouvernance a des cons\u00e9quences graves sur des milliers de clients et le personnel de la soci\u00e9t\u00e9\u00bb.<br><\/em><br>A pr\u00e9ciser que l\u2019Assembl\u00e9e g\u00e9n\u00e9rale du 17 f\u00e9vrier et le Conseil d\u2019Administration du 24 f\u00e9vrier se sont sold\u00e9s par la r\u00e9vocation de tous les administrateurs d\u00e9sign\u00e9s \u00e0 l\u2019Assembl\u00e9e g\u00e9n\u00e9rale du 2 octobre 2017 (Khadim B\u00e2 et Cie) et la nomination de nouveaux administrateurs. Une victoire donc de Amadou B\u00e2 qui avait \u00e9t\u00e9 valid\u00e9e par le Tribunal de Commerce, notamment le juge des r\u00e9f\u00e9r\u00e9s.<\/p>\n\n\n\n<p>Cependant, selon Khadim B\u00e2, l\u2019ordonnance du 1ier d\u00e9cembre 2020 du juge des requ\u00eates, statuant en mati\u00e8re de r\u00e9f\u00e9r\u00e9, et donnant instruction \u00e0 l\u2019administratrice des greffes de r\u00e9tablir les noms de Amadou B\u00e2 et ses collaborateurs, confirm\u00e9e en appel, s\u2019est fond\u00e9e sur le proc\u00e8s-verbal du 17 f\u00e9vrier 2020 et le proc\u00e8s-verbal du 24 f\u00e9vrier 2020.<\/p>\n\n\n\n<p>Or, il y a eu l\u2019ordonnance du juge de la mise en \u00e9tat qui, le 12 avril 2023, a demand\u00e9 la suspension de ces proc\u00e8s-verbaux. Khadim B\u00e2 a \u00e9t\u00e9 suivi par le juge des contentieux qui a pr\u00e9cis\u00e9 que l\u2019ordonnance du juge de la mise en \u00e9tat \u00abn\u2019est susceptible ni d\u2019opposition ni de contredit et ne peut \u00eatre frapp\u00e9e d\u2019appel\u00bb, m\u00eame si \u00abelle n\u2019a pas l\u2019autorit\u00e9 de la chose jug\u00e9e\u00bb.<\/p>\n\n\n\n<p>Il ajoute que la proc\u00e9dure introduite est toujours pendante et n\u2019a pas encore connu une d\u00e9cision d\u00e9finitive sur le fond. D\u00e8s lors, le juge des contentieux a ordonn\u00e9 la suspension des effets des deux proc\u00e8s-verbaux. Ce qui a comme cons\u00e9quence le r\u00e9tablissement des noms de Khadim B\u00e2 et son \u00e9quipe sur le Registre de commerce. C\u2019est s\u00fbr, cette affaire est loin de conna\u00eetre son \u00e9pilogue. La r\u00e9plique du p\u00e8re ne se fera certainement pas attendre.<\/p>\n\n\n\n<p>Les Echos<\/p>\n","protected":false},"excerpt":{"rendered":"<p>Le bras de fer entre le p\u00e8re Amadou B\u00e2 et le fils Khadim B\u00e2 se poursuit toujours. L\u2019affaire est loin<\/p>\n","protected":false},"author":1,"featured_media":20527,"comment_status":"open","ping_status":"open","sticky":false,"template":"","format":"standard","meta":{"footnotes":""},"categories":[21],"tags":[],"class_list":["post-20526","post","type-post","status-publish","format-standard","has-post-thumbnail","hentry","category-societe"],"_links":{"self":[{"href":"https:\/\/dekkbi.com\/index.php?rest_route=\/wp\/v2\/posts\/20526","targetHints":{"allow":["GET"]}}],"collection":[{"href":"https:\/\/dekkbi.com\/index.php?rest_route=\/wp\/v2\/posts"}],"about":[{"href":"https:\/\/dekkbi.com\/index.php?rest_route=\/wp\/v2\/types\/post"}],"author":[{"embeddable":true,"href":"https:\/\/dekkbi.com\/index.php?rest_route=\/wp\/v2\/users\/1"}],"replies":[{"embeddable":true,"href":"https:\/\/dekkbi.com\/index.php?rest_route=%2Fwp%2Fv2%2Fcomments&post=20526"}],"version-history":[{"count":1,"href":"https:\/\/dekkbi.com\/index.php?rest_route=\/wp\/v2\/posts\/20526\/revisions"}],"predecessor-version":[{"id":20528,"href":"https:\/\/dekkbi.com\/index.php?rest_route=\/wp\/v2\/posts\/20526\/revisions\/20528"}],"wp:featuredmedia":[{"embeddable":true,"href":"https:\/\/dekkbi.com\/index.php?rest_route=\/wp\/v2\/media\/20527"}],"wp:attachment":[{"href":"https:\/\/dekkbi.com\/index.php?rest_route=%2Fwp%2Fv2%2Fmedia&parent=20526"}],"wp:term":[{"taxonomy":"category","embeddable":true,"href":"https:\/\/dekkbi.com\/index.php?rest_route=%2Fwp%2Fv2%2Fcategories&post=20526"},{"taxonomy":"post_tag","embeddable":true,"href":"https:\/\/dekkbi.com\/index.php?rest_route=%2Fwp%2Fv2%2Ftags&post=20526"}],"curies":[{"name":"wp","href":"https:\/\/api.w.org\/{rel}","templated":true}]}}