{"id":20495,"date":"2023-09-03T13:04:31","date_gmt":"2023-09-03T13:04:31","guid":{"rendered":"https:\/\/dekkbi.com\/?p=20495"},"modified":"2023-09-03T13:04:31","modified_gmt":"2023-09-03T13:04:31","slug":"senegal-environnement-matam-lancement-de-la-pepiniere-des-agnam-pour-lutter-contre-les-changements-climatiques","status":"publish","type":"post","link":"https:\/\/dekkbi.com\/?p=20495","title":{"rendered":"SENEGAL-ENVIRONNEMENT \/ Matam : lancement de la \u00ab\u00a0P\u00e9pini\u00e8re des Agnam\u00a0\u00bb pour lutter contre les changements climatiques"},"content":{"rendered":"\n<p>Agnam (Matam), 3 sept (APS) \u2013 Le Sous-pr\u00e9fet de l\u2019arrondissement des Agnam, Mamadou B\u00e2 a proc\u00e9d\u00e9 samedi au lancement de la \u00ab P\u00e9pini\u00e8re des Agnam \u00bb, qui vise  \u00bb\u00e0 lutter contre les effets du changement climatique et l\u2019\u00e9rosion des sols \u00bb, a constat\u00e9 un reporter de l\u2019APS.Cette c\u00e9r\u00e9monie de lancement s\u2019est tenue \u00e0 la mairie des Agnam, en pr\u00e9sence du maire Mouhamadou Ngom plus connu sous le patronyme Farba Ngom et du repr\u00e9sentant de l\u2019Inspection r\u00e9gionale des des eaux et for\u00eats (IREF), le sergent Pape Latyr S\u00e8ne.\u00ab Nous avons distribu\u00e9 au total 23 456 plantes destin\u00e9es \u00e0 reboiser les \u00e9coles, les postes de sant\u00e9, les mosqu\u00e9es, les axes routiers et les concessions. L\u2019objectif est de lutter contre les effets du changement climatique, l\u2019\u00e9rosion des sols et de favoriser une bonne pluviom\u00e9trie \u00bb, a expliqu\u00e9 Pape Latyr S\u00e8ne lors del\u00e0 c\u00e9r\u00e9monie de lancement.M. S\u00e8ne a soutenu que cette p\u00e9pini\u00e8re a b\u00e9n\u00e9fici\u00e9 de l\u2019appui de l\u2019Inspection r\u00e9gionale des eaux et for\u00eats (IREF) de Matam pour les besoins de \u00ab l\u2019approvisionnement des semences et des gaines \u00bb.Un total de 16 000 plantes sera rebois\u00e9 dans tout l\u2019arrondissement des Agnam d\u2019ici l\u00e0 fin du mois de septembre, a assur\u00e9 le repr\u00e9sentant de l\u2019IREF.\u00ab Noun avons aussi distribu\u00e9 des arbres ombrag\u00e9s, fruitiers et des acacias melifera pour la construction d\u2019une muraille et des haies vertes \u00bb, a-t-il fait savoir.De son c\u00f4t\u00e9, le maire des Agnam, Mouhamadou Ngom a invit\u00e9 les jeunes recrut\u00e9s dans le cadre du programme Xeyu Ndaw Gni de proc\u00e9der au suivi avec l\u2019arrosage et l\u2019entretien des arbres.<\/p>\n\n\n\n<p>AT\/MTN<\/p>\n","protected":false},"excerpt":{"rendered":"<p>Agnam (Matam), 3 sept (APS) \u2013 Le Sous-pr\u00e9fet de l\u2019arrondissement des Agnam, Mamadou B\u00e2 a proc\u00e9d\u00e9 samedi au lancement de<\/p>\n","protected":false},"author":1,"featured_media":20496,"comment_status":"open","ping_status":"open","sticky":false,"template":"","format":"standard","meta":{"footnotes":""},"categories":[3],"tags":[],"class_list":["post-20495","post","type-post","status-publish","format-standard","has-post-thumbnail","hentry","category-event-more-news"],"_links":{"self":[{"href":"https:\/\/dekkbi.com\/index.php?rest_route=\/wp\/v2\/posts\/20495","targetHints":{"allow":["GET"]}}],"collection":[{"href":"https:\/\/dekkbi.com\/index.php?rest_route=\/wp\/v2\/posts"}],"about":[{"href":"https:\/\/dekkbi.com\/index.php?rest_route=\/wp\/v2\/types\/post"}],"author":[{"embeddable":true,"href":"https:\/\/dekkbi.com\/index.php?rest_route=\/wp\/v2\/users\/1"}],"replies":[{"embeddable":true,"href":"https:\/\/dekkbi.com\/index.php?rest_route=%2Fwp%2Fv2%2Fcomments&post=20495"}],"version-history":[{"count":1,"href":"https:\/\/dekkbi.com\/index.php?rest_route=\/wp\/v2\/posts\/20495\/revisions"}],"predecessor-version":[{"id":20497,"href":"https:\/\/dekkbi.com\/index.php?rest_route=\/wp\/v2\/posts\/20495\/revisions\/20497"}],"wp:featuredmedia":[{"embeddable":true,"href":"https:\/\/dekkbi.com\/index.php?rest_route=\/wp\/v2\/media\/20496"}],"wp:attachment":[{"href":"https:\/\/dekkbi.com\/index.php?rest_route=%2Fwp%2Fv2%2Fmedia&parent=20495"}],"wp:term":[{"taxonomy":"category","embeddable":true,"href":"https:\/\/dekkbi.com\/index.php?rest_route=%2Fwp%2Fv2%2Fcategories&post=20495"},{"taxonomy":"post_tag","embeddable":true,"href":"https:\/\/dekkbi.com\/index.php?rest_route=%2Fwp%2Fv2%2Ftags&post=20495"}],"curies":[{"name":"wp","href":"https:\/\/api.w.org\/{rel}","templated":true}]}}