{"id":20463,"date":"2023-09-02T12:20:30","date_gmt":"2023-09-02T12:20:30","guid":{"rendered":"https:\/\/dekkbi.com\/?p=20463"},"modified":"2023-09-02T12:20:31","modified_gmt":"2023-09-02T12:20:31","slug":"niger-nouvelle-importante-manifestation-pour-reclamer-le-depart-des-soldats-francais","status":"publish","type":"post","link":"https:\/\/dekkbi.com\/?p=20463","title":{"rendered":"Niger: nouvelle importante manifestation pour r\u00e9clamer le d\u00e9part des soldats fran\u00e7ais"},"content":{"rendered":"\n<p>Plusieurs milliers de personnes se sont rassembl\u00e9es samedi \u00e0 Niamey pour r\u00e9clamer le d\u00e9part des forces fran\u00e7aises du Niger, une demande du r\u00e9gime militaire arriv\u00e9 au pouvoir par un coup d&rsquo;Etat fin juillet, ont constat\u00e9 des journalistes de l&rsquo;AFP.Ce rassemblement se tenait pr\u00e8s d&rsquo;une base nig\u00e9rienne abritant les soldats fran\u00e7ais, \u00e0 l&rsquo;appel de plusieurs coalitions de la soci\u00e9t\u00e9 civile hostiles \u00e0 la pr\u00e9sence militaire fran\u00e7aise.\u00a0\u00bbArm\u00e9e fran\u00e7aise allez-vous-en de chez nous!\u00a0\u00bb, pouvait-on notamment lire sur la pancarte d&rsquo;un manifestant.Depuis le coup d&rsquo;Etat du 26 juillet, de nombreuses manifestations similaires rassemblant r\u00e9guli\u00e8rement des milliers de personnes ont eu lieu dans la capitale Niamey.Les tensions diplomatiques sont \u00e0 leur comble entre le r\u00e9gime militaire au pouvoir et la France qui ne reconna\u00eet pas leur l\u00e9gitimit\u00e9.Le 3 ao\u00fbt, les g\u00e9n\u00e9raux qui ont pris le pouvoir par un coup d\u2019\u00c9tat avaient d\u00e9nonc\u00e9 plusieurs accords militaires avec la France, qui compte 1.500 soldats d\u00e9ploy\u00e9s dans la lutte antijihadiste au Niger.Les accords contenaient tous diff\u00e9rents pr\u00e9avis pour leur fin effective, dont l&rsquo;un, relatif \u00e0 un texte de 2012, \u00e9tait d&rsquo;un mois, selon les militaires.Le Niger a par ailleurs retir\u00e9 l&rsquo;immunit\u00e9 et le visa diplomatiques de l&rsquo;ambassadeur de France Sylvain Itt\u00e9 et exig\u00e9 son \u00ab\u00a0expulsion\u00a0\u00bb, selon un arr\u00eat\u00e9 du minist\u00e8re de l&rsquo;Int\u00e9rieur dat\u00e9 de jeudi et une ordonnance du Tribunal de grande instance de Niamey de vendredi, consult\u00e9s par l&rsquo;AFP.Selon ce dernier document, ces d\u00e9cisions sont notamment justifi\u00e9es par \u00ab\u00a0l&rsquo;hostilit\u00e9 injustifi\u00e9e\u00a0\u00bb de la France envers le Niger et le fait que la pr\u00e9sence de M. Itt\u00e9 sur le territoire nig\u00e9rien pr\u00e9sente \u00ab\u00a0des risques graves de trouble \u00e0 l&rsquo;ordre public\u00a0\u00bb.Lundi, le pr\u00e9sident fran\u00e7ais Emmanuel Macron avait salu\u00e9 le travail de M. Itt\u00e9 et indiqu\u00e9 qu&rsquo;il se trouvait toujours en poste \u00e0 l&rsquo;ambassade \u00e0 Niamey.Selon l&rsquo;article 22 de la Convention de Vienne sur les relations diplomatiques, les locaux d&rsquo;une ambassade sont \u00ab\u00a0inviolables\u00a0\u00bb et il n&rsquo;est pas permis aux agents de l&rsquo;Etat o\u00f9 ils se trouvent \u00ab\u00a0d&rsquo;y p\u00e9n\u00e9trer, sauf avec le consentement du chef de la mission\u00a0\u00bb.<\/p>\n\n\n\n<p>Dakar Actu<\/p>\n","protected":false},"excerpt":{"rendered":"<p>Plusieurs milliers de personnes se sont rassembl\u00e9es samedi \u00e0 Niamey pour r\u00e9clamer le d\u00e9part des forces fran\u00e7aises du Niger, une<\/p>\n","protected":false},"author":1,"featured_media":20464,"comment_status":"open","ping_status":"open","sticky":false,"template":"","format":"standard","meta":{"footnotes":""},"categories":[26],"tags":[],"class_list":["post-20463","post","type-post","status-publish","format-standard","has-post-thumbnail","hentry","category-fait-divers"],"_links":{"self":[{"href":"https:\/\/dekkbi.com\/index.php?rest_route=\/wp\/v2\/posts\/20463","targetHints":{"allow":["GET"]}}],"collection":[{"href":"https:\/\/dekkbi.com\/index.php?rest_route=\/wp\/v2\/posts"}],"about":[{"href":"https:\/\/dekkbi.com\/index.php?rest_route=\/wp\/v2\/types\/post"}],"author":[{"embeddable":true,"href":"https:\/\/dekkbi.com\/index.php?rest_route=\/wp\/v2\/users\/1"}],"replies":[{"embeddable":true,"href":"https:\/\/dekkbi.com\/index.php?rest_route=%2Fwp%2Fv2%2Fcomments&post=20463"}],"version-history":[{"count":1,"href":"https:\/\/dekkbi.com\/index.php?rest_route=\/wp\/v2\/posts\/20463\/revisions"}],"predecessor-version":[{"id":20465,"href":"https:\/\/dekkbi.com\/index.php?rest_route=\/wp\/v2\/posts\/20463\/revisions\/20465"}],"wp:featuredmedia":[{"embeddable":true,"href":"https:\/\/dekkbi.com\/index.php?rest_route=\/wp\/v2\/media\/20464"}],"wp:attachment":[{"href":"https:\/\/dekkbi.com\/index.php?rest_route=%2Fwp%2Fv2%2Fmedia&parent=20463"}],"wp:term":[{"taxonomy":"category","embeddable":true,"href":"https:\/\/dekkbi.com\/index.php?rest_route=%2Fwp%2Fv2%2Fcategories&post=20463"},{"taxonomy":"post_tag","embeddable":true,"href":"https:\/\/dekkbi.com\/index.php?rest_route=%2Fwp%2Fv2%2Ftags&post=20463"}],"curies":[{"name":"wp","href":"https:\/\/api.w.org\/{rel}","templated":true}]}}