{"id":20461,"date":"2023-09-02T12:16:32","date_gmt":"2023-09-02T12:16:32","guid":{"rendered":"https:\/\/dekkbi.com\/?p=20461"},"modified":"2023-09-02T12:16:33","modified_gmt":"2023-09-02T12:16:33","slug":"les-enfants-dafrique-les-moins-aptes-a-faire-face-au-changement-climatique-selon-lonu","status":"publish","type":"post","link":"https:\/\/dekkbi.com\/?p=20461","title":{"rendered":"Les enfants d&rsquo;Afrique \u00ab\u00a0les moins aptes \u00e0 faire face\u00a0\u00bb au changement climatique, selon l&rsquo;ONU"},"content":{"rendered":"\n<p>Les enfants du continent africain \u00ab\u00a0subissent de plein fouet\u00a0\u00bb les cons\u00e9quences du changement climatique mais demeurent \u00ab\u00a0cruellement\u00a0\u00bb n\u00e9glig\u00e9s par les financements destin\u00e9s \u00e0 r\u00e9pondre \u00e0 la crise climatique, ont d\u00e9plor\u00e9 les Nations unies vendredi.<\/p>\n\n\n\n<p>L&rsquo;Afrique, continent d&rsquo;1,2 milliard d&rsquo;habitants, abrite certains des pays au monde les moins \u00e9metteurs de gaz \u00e0 effet de serre mais elle est en premi\u00e8re ligne des \u00e9v\u00e9nements m\u00e9t\u00e9orologiques extr\u00eames (s\u00e9cheresses \u00e0 r\u00e9p\u00e9tition, inondations, cyclones, vagues de chaleur).Selon un rapport du Fonds des Nations unies pour l&rsquo;enfance, l&rsquo;Unicef, publi\u00e9 vendredi, les enfants de 48 des 49 pays africains \u00e9valu\u00e9s entrent dans la cat\u00e9gorie \u00ab\u00a0\u00e0 risque \u00e9lev\u00e9 ou extr\u00eamement \u00e9lev\u00e9\u00a0\u00bb de subir les impacts du changement climatique.\u00a0\u00bbIl est clair que les populations les plus jeunes du continent africain subissent de plein fouet les effets du changement climatique\u00a0\u00bb, a d\u00e9clar\u00e9 Lieke van de Wiel, directrice adjointe de l&rsquo;Unicef pour la r\u00e9gion Afrique de l&rsquo;Est et Afrique australe.\u00a0\u00bbElles sont les moins aptes \u00e0 y faire face, en raison de leur vuln\u00e9rabilit\u00e9 physiologique et d&rsquo;un acc\u00e8s insuffisant aux services sociaux essentiels.\u00a0\u00bbPourtant, rel\u00e8ve l&rsquo;Unicef, les enfants du continent \u00ab\u00a0restent extr\u00eamement n\u00e9glig\u00e9s par les principaux flux de financement climatique n\u00e9cessaires pour les aider \u00e0 s&rsquo;adapter, \u00e0 survivre et \u00e0 r\u00e9pondre \u00e0 la crise climatique\u00a0\u00bb.Les enfants du Nigeria, de Guin\u00e9e, de Guin\u00e9e-Bissau, du Tchad, de R\u00e9publique centrafricaine et de Somalie sont les plus expos\u00e9s, selon l&rsquo;organisation.<\/p>\n","protected":false},"excerpt":{"rendered":"<p>Les enfants du continent africain \u00ab\u00a0subissent de plein fouet\u00a0\u00bb les cons\u00e9quences du changement climatique mais demeurent \u00ab\u00a0cruellement\u00a0\u00bb n\u00e9glig\u00e9s par les<\/p>\n","protected":false},"author":1,"featured_media":9017,"comment_status":"open","ping_status":"open","sticky":false,"template":"","format":"standard","meta":{"footnotes":""},"categories":[6],"tags":[],"class_list":["post-20461","post","type-post","status-publish","format-standard","has-post-thumbnail","hentry","category-politics"],"_links":{"self":[{"href":"https:\/\/dekkbi.com\/index.php?rest_route=\/wp\/v2\/posts\/20461","targetHints":{"allow":["GET"]}}],"collection":[{"href":"https:\/\/dekkbi.com\/index.php?rest_route=\/wp\/v2\/posts"}],"about":[{"href":"https:\/\/dekkbi.com\/index.php?rest_route=\/wp\/v2\/types\/post"}],"author":[{"embeddable":true,"href":"https:\/\/dekkbi.com\/index.php?rest_route=\/wp\/v2\/users\/1"}],"replies":[{"embeddable":true,"href":"https:\/\/dekkbi.com\/index.php?rest_route=%2Fwp%2Fv2%2Fcomments&post=20461"}],"version-history":[{"count":1,"href":"https:\/\/dekkbi.com\/index.php?rest_route=\/wp\/v2\/posts\/20461\/revisions"}],"predecessor-version":[{"id":20462,"href":"https:\/\/dekkbi.com\/index.php?rest_route=\/wp\/v2\/posts\/20461\/revisions\/20462"}],"wp:featuredmedia":[{"embeddable":true,"href":"https:\/\/dekkbi.com\/index.php?rest_route=\/wp\/v2\/media\/9017"}],"wp:attachment":[{"href":"https:\/\/dekkbi.com\/index.php?rest_route=%2Fwp%2Fv2%2Fmedia&parent=20461"}],"wp:term":[{"taxonomy":"category","embeddable":true,"href":"https:\/\/dekkbi.com\/index.php?rest_route=%2Fwp%2Fv2%2Fcategories&post=20461"},{"taxonomy":"post_tag","embeddable":true,"href":"https:\/\/dekkbi.com\/index.php?rest_route=%2Fwp%2Fv2%2Ftags&post=20461"}],"curies":[{"name":"wp","href":"https:\/\/api.w.org\/{rel}","templated":true}]}}