{"id":20419,"date":"2023-09-02T11:19:21","date_gmt":"2023-09-02T11:19:21","guid":{"rendered":"https:\/\/dekkbi.com\/?p=20419"},"modified":"2023-09-02T12:24:24","modified_gmt":"2023-09-02T12:24:24","slug":"derniere-minute-ousmane-sonko-suspend-sa-greve-de-la-faim","status":"publish","type":"post","link":"https:\/\/dekkbi.com\/?p=20419","title":{"rendered":"Derni\u00e8re Minute : Ousmane Sonko suspend sa gr\u00e8ve de la faim"},"content":{"rendered":"\n<p>iGFM &#8211; (Dakar) Actuellement admis au service de r\u00e9animation de l\u2019h\u00f4pital Principal de Dakar, Ousmane Sonko a d\u00e9cid\u00e9 de suspendre sa gr\u00e8ve de la faim. L\u2019annonce a \u00e9t\u00e9 faite tr\u00e8s t\u00f4t dans la matin\u00e9e de ce samedi, par El Malick Ndiaye, le responsable de la communication de Pastef.<\/p>\n\n\n\n<p>Ousmane Sonko a d\u00e9cid\u00e9 de suspendre sa gr\u00e8ve de la faim. L\u2019information a \u00e9t\u00e9 officialis\u00e9e ce samedi, t\u00f4t le matin, par El Malick Ndiaye, responsable de la communication de Pastef. Une di\u00e8te que le leader des Patriotes avait entam\u00e9 depuis son arrestation.<\/p>\n\n\n\n<p>\u00abFace \u00e0 tant de haine, de mensonges, d\u2019oppression, de pers\u00e9cution, j\u2019ai d\u00e9cid\u00e9 de r\u00e9sister. J\u2019observe \u00e0 compter de ce dimanche une gr\u00e8ve de la faim. J\u2019invite tous les d\u00e9tenus politiques \u00e0 en faire de m\u00eame\u00bb, avait annonc\u00e9 Ousmane Sonko le 30 juillet, au lendemain de son arrestation<\/p>\n\n\n\n<p>La gr\u00e8ve de la faim finira par l\u2019affaiblir au point o\u00f9 il a \u00e9t\u00e9 admis en service de r\u00e9animation de l\u2019h\u00f4pital Principal de Dakar. Hier vendredi, ses avocats avaient invit\u00e9 l\u2019Etat du S\u00e9n\u00e9gal \u00e0 \u00abprendre en urgence toutes mesures n\u00e9cessaires pour \u00e9viter la survenance d\u2019un drame.\u00bb<\/p>\n","protected":false},"excerpt":{"rendered":"<p>iGFM &#8211; (Dakar) Actuellement admis au service de r\u00e9animation de l\u2019h\u00f4pital Principal de Dakar, Ousmane Sonko a d\u00e9cid\u00e9 de suspendre<\/p>\n","protected":false},"author":1,"featured_media":20420,"comment_status":"open","ping_status":"open","sticky":false,"template":"","format":"standard","meta":{"footnotes":""},"categories":[21],"tags":[],"class_list":["post-20419","post","type-post","status-publish","format-standard","has-post-thumbnail","hentry","category-societe"],"_links":{"self":[{"href":"https:\/\/dekkbi.com\/index.php?rest_route=\/wp\/v2\/posts\/20419","targetHints":{"allow":["GET"]}}],"collection":[{"href":"https:\/\/dekkbi.com\/index.php?rest_route=\/wp\/v2\/posts"}],"about":[{"href":"https:\/\/dekkbi.com\/index.php?rest_route=\/wp\/v2\/types\/post"}],"author":[{"embeddable":true,"href":"https:\/\/dekkbi.com\/index.php?rest_route=\/wp\/v2\/users\/1"}],"replies":[{"embeddable":true,"href":"https:\/\/dekkbi.com\/index.php?rest_route=%2Fwp%2Fv2%2Fcomments&post=20419"}],"version-history":[{"count":1,"href":"https:\/\/dekkbi.com\/index.php?rest_route=\/wp\/v2\/posts\/20419\/revisions"}],"predecessor-version":[{"id":20421,"href":"https:\/\/dekkbi.com\/index.php?rest_route=\/wp\/v2\/posts\/20419\/revisions\/20421"}],"wp:featuredmedia":[{"embeddable":true,"href":"https:\/\/dekkbi.com\/index.php?rest_route=\/wp\/v2\/media\/20420"}],"wp:attachment":[{"href":"https:\/\/dekkbi.com\/index.php?rest_route=%2Fwp%2Fv2%2Fmedia&parent=20419"}],"wp:term":[{"taxonomy":"category","embeddable":true,"href":"https:\/\/dekkbi.com\/index.php?rest_route=%2Fwp%2Fv2%2Fcategories&post=20419"},{"taxonomy":"post_tag","embeddable":true,"href":"https:\/\/dekkbi.com\/index.php?rest_route=%2Fwp%2Fv2%2Ftags&post=20419"}],"curies":[{"name":"wp","href":"https:\/\/api.w.org\/{rel}","templated":true}]}}