{"id":20411,"date":"2023-09-02T10:47:28","date_gmt":"2023-09-02T10:47:28","guid":{"rendered":"https:\/\/dekkbi.com\/?p=20411"},"modified":"2023-09-02T10:47:29","modified_gmt":"2023-09-02T10:47:29","slug":"le-candidat-de-benno-connu-samedi-prochain-macky-remet-a-9","status":"publish","type":"post","link":"https:\/\/dekkbi.com\/?p=20411","title":{"rendered":"Le candidat de Benno connu samedi prochain : Macky remet \u00e0 9"},"content":{"rendered":"\n<p>Le leader de la Coalition Benno a pris tout son temps avant de faire conna\u00eetre le choix du candidat \u00e0 la magistrature supr\u00eame. Finalement, comme il en a pris l\u2019habitude, Macky Sall fera son annonce au retour de la c\u00e9l\u00e9bration du Magal, le samedi 9 septembre. Il va dans la foul\u00e9e, proc\u00e9der \u00e0 un l\u00e9ger remaniement du gouvernement, avant de s\u2019envoler pour les Etats-Unis<\/p>\n\n\n\n<p>Par Mohamed GUEYE \u2013 Avant d\u2019annoncer sa volont\u00e9 de ne pas se repr\u00e9senter \u00e0 un troisi\u00e8me mandat, le Pr\u00e9sident Macky Sall avait laiss\u00e9 les S\u00e9n\u00e9galais dig\u00e9rer leur mouton de Tabaski en pr\u00e9alable \u00e0 la bombe qu\u2019il leur avait pr\u00e9par\u00e9e. Si l\u2019on en juge par les effets que cette nouvelle avait produits, on peut comprendre qu\u2019il veuille la reproduire en ce qui concerne l\u2019autre suspense dans lequel il tient toute la population.Le Quotidien a appris que le leader de la Coalition Benno bokk yaakaar a d\u00e9j\u00e0 fini de faire son choix quant au candidat qu\u2019il va proposer \u00e0 ses partisans en vue de la prochaine \u00e9lection. Il le fera savoir dans une semaine, le temps de laisser aux p\u00e8lerins, Mourides et non Mourides (le Magal de Touba \u00e9tant devenu avec les ann\u00e9es, une c\u00e9l\u00e9bration des plus \u0153cum\u00e9niques dans laquelle semblent se retrouver diff\u00e9rentes repr\u00e9sentations de S\u00e9n\u00e9galais), le temps de revenir de leur c\u00e9l\u00e9bration \u00e0 la capitale du Mouridisme. <\/p>\n\n\n\n<p>Macky Sall choisira probablement une r\u00e9union des instances sup\u00e9rieures de sa coalition pour donner la primeur de son choix. Ce sera probablement aussi l\u2019occasion pour lui, ce samedi 9 septembre, de rappeler \u00e0 ses camarades, la n\u00e9cessit\u00e9 de pr\u00e9senter un front uni en vue de la prochaine Pr\u00e9sidentielle, car, ne cesse-t-il de le dire, ce n\u2019est que dans l\u2019unit\u00e9 que Benno pourra avoir la chance de remporter la Pr\u00e9sidentielle. Donc, les multiples candidats autoproclam\u00e9s, qui ne cessent de se faire conna\u00eetre, devraient, une fois le choix du Pr\u00e9sident connu, se ranger derri\u00e8re le champion d\u00e9sign\u00e9 de la coalition. On a vu certains proclamer \u00e0 travers les m\u00e9dias, qu\u2019ils n\u2019entendaient se ranger derri\u00e8re personne, parce qu\u2019estimant qu\u2019ils \u00e9taient les meilleurs. Ce sera le moment de voir s\u2019ils ont la maturit\u00e9 de ravaler leur fiert\u00e9 pour accepter de battre campagne au nom de celui qui sera soutenu par le leader de la coalition, et qui, en th\u00e9orie, aura plus de chances de pouvoir l\u2019emporter.<\/p>\n\n\n\n<p>LEQUOTIDIEN<\/p>\n","protected":false},"excerpt":{"rendered":"<p>Le leader de la Coalition Benno a pris tout son temps avant de faire conna\u00eetre le choix du candidat \u00e0<\/p>\n","protected":false},"author":1,"featured_media":15752,"comment_status":"open","ping_status":"open","sticky":false,"template":"","format":"standard","meta":{"footnotes":""},"categories":[6],"tags":[],"class_list":["post-20411","post","type-post","status-publish","format-standard","has-post-thumbnail","hentry","category-politics"],"_links":{"self":[{"href":"https:\/\/dekkbi.com\/index.php?rest_route=\/wp\/v2\/posts\/20411","targetHints":{"allow":["GET"]}}],"collection":[{"href":"https:\/\/dekkbi.com\/index.php?rest_route=\/wp\/v2\/posts"}],"about":[{"href":"https:\/\/dekkbi.com\/index.php?rest_route=\/wp\/v2\/types\/post"}],"author":[{"embeddable":true,"href":"https:\/\/dekkbi.com\/index.php?rest_route=\/wp\/v2\/users\/1"}],"replies":[{"embeddable":true,"href":"https:\/\/dekkbi.com\/index.php?rest_route=%2Fwp%2Fv2%2Fcomments&post=20411"}],"version-history":[{"count":1,"href":"https:\/\/dekkbi.com\/index.php?rest_route=\/wp\/v2\/posts\/20411\/revisions"}],"predecessor-version":[{"id":20412,"href":"https:\/\/dekkbi.com\/index.php?rest_route=\/wp\/v2\/posts\/20411\/revisions\/20412"}],"wp:featuredmedia":[{"embeddable":true,"href":"https:\/\/dekkbi.com\/index.php?rest_route=\/wp\/v2\/media\/15752"}],"wp:attachment":[{"href":"https:\/\/dekkbi.com\/index.php?rest_route=%2Fwp%2Fv2%2Fmedia&parent=20411"}],"wp:term":[{"taxonomy":"category","embeddable":true,"href":"https:\/\/dekkbi.com\/index.php?rest_route=%2Fwp%2Fv2%2Fcategories&post=20411"},{"taxonomy":"post_tag","embeddable":true,"href":"https:\/\/dekkbi.com\/index.php?rest_route=%2Fwp%2Fv2%2Ftags&post=20411"}],"curies":[{"name":"wp","href":"https:\/\/api.w.org\/{rel}","templated":true}]}}