{"id":20400,"date":"2023-09-01T11:56:24","date_gmt":"2023-09-01T11:56:24","guid":{"rendered":"https:\/\/dekkbi.com\/?p=20400"},"modified":"2023-09-01T11:56:25","modified_gmt":"2023-09-01T11:56:25","slug":"debat-intellectuel-et-sortie-par-le-haut-pour-un-nouveau-modele-politique-par-mamadou-diop-decroix","status":"publish","type":"post","link":"https:\/\/dekkbi.com\/?p=20400","title":{"rendered":"D\u00e9bat intellectuel et sortie par le haut\u00a0&#8211; pour un nouveau mod\u00e8le politique Par Mamadou DIOP \u00ab\u00a0Decroix\u00a0\u00bb*"},"content":{"rendered":"\n<p>Apr\u00e8s un p\u00e9riode de batailles de rues meurtri\u00e8res et d\u00e9vastatrices, le calme est revenu au pays. Une p\u00e9riode f\u00e9conde semblait devoir s\u2019ouvrir pour une \u00e9valuation courageuse et lucide de ce qui nous est arriv\u00e9, identifier les facteurs d\u00e9clencheurs et les origines r\u00e9elles et esquisser des perspectives.<\/p>\n\n\n\n<p>Cette t\u00e2che est assur\u00e9ment celle des intellectuels de tous horizons ayant une capacit\u00e9 critique et une rigueur qui les autorisent \u00e0 mettre \u00e0 la disposition de notre peuple quelques grilles de lecture susceptibles de d\u00e9livrer une relative compr\u00e9hension de la situation actuelle.<\/p>\n\n\n\n<p>Les approches seraient naturellement divergentes, pour dire le moins, mais elles auraient l\u2019avantage de placer le d\u00e9bat \u00e0 un niveau qui permettrait de l\u2019assainir progressivement. H\u00e9las, les premi\u00e8res empoignades auxquelles nous avons eu droit dans la presse semblent plut\u00f4t profiler un simple prolongement (ou prolongation) des batailles de rue. Ici, \u00e0 d\u00e9faut de pouvoir donner la mort physique, on s\u2019emploie \u00e0 la n\u00e9antisation sociale de l\u2019autre \u00e0 coups de phrases ou de mots assassins (encore heureux qu\u2019ils ne soient pas d\u00e9livr\u00e9s dans nos langues maternelles).<\/p>\n\n\n\n<p>Il y a l\u00e0 de quoi s\u2019inqui\u00e9ter au plus haut point. S\u2019inqui\u00e9ter car la persistance dans la dur\u00e9e d&rsquo;un duel de cette nature pourrait fournir les armes th\u00e9oriques et id\u00e9ologiques pour l\u00e9gitimer demain de v\u00e9ritables r\u00e8glements de comptes aux motivations plus incrust\u00e9es dans le tr\u00e9fonds des protagonistes. Par-del\u00e0 les grilles de lecture du contexte pr\u00e9sent, de ses contradictions et de ses antagonismes, une telle dynamique devrait permettre d\u2019\u00e9vacuer ce duel meurtrier en cours au profit d\u2019un d\u00e9bat de vision, de projet de soci\u00e9t\u00e9 ou de programme.<\/p>\n\n\n\n<p>Une prise de parole de cette nature nous permettrait \u00e9galement de ne pas nous soustraire \u00e0 la n\u00e9cessaire articulation entre le regard pos\u00e9 sur les d\u00e9fis internes et ceux qui structurent la plan\u00e8te et notre sous-r\u00e9gion. En effet, quoi qu\u2019il advienne au S\u00e9n\u00e9gal, la Terre, pour ce qui la concerne, continuera de tourner jusqu\u2019\u00e0 un terme fix\u00e9. Savoir cela, c\u2019est \u00eatre \u00e0 l\u2019\u00e9coute du monde. \u00c9couter le monde, c\u2019est mesurer le d\u00e9calage \u00e9norme \u00e0 tous points de vue entre d\u2019une part les questions \u00e0 l\u2019ordre du jour \u00e0 l\u2019Internationale et qui demain, d\u00e9termineront dans une certaine mesure notre v\u00e9cu ici au S\u00e9n\u00e9gal et d\u2019autre part, les types de batailles auxquelles nous nous livrons actuellement sur le plan local. Partout dans le monde les nations et les peuples s\u2019efforcent de trouver les meilleures formules pour r\u00e9sister et finalement vaincre l\u2019ordre mondial dominant afin de continuer d\u2019exister en tant que nations, en tant que peuples souverains.<\/p>\n\n\n\n<p>Le peuple s\u00e9n\u00e9galais \u00e9tait et est toujours sur la voie de s\u2019octroyer ses propres formules endog\u00e8nes, \u00e9lection apr\u00e8s \u00e9lection, dans la paix, la stabilit\u00e9 et la s\u00e9curit\u00e9. Consolider cette dynamique est d\u00e8s lors ce qui devrait n\u00e9cessiter une tension de toutes les forces. En Ukraine, la Russie est oblig\u00e9e de se battre les armes \u00e0 la main pour sauvegarder son ind\u00e9pendance et sa souverainet\u00e9 c\u2019est-\u00e0-dire son existence en tant que nation.<\/p>\n\n\n\n<p>La Chine, de son c\u00f4t\u00e9 fait face \u00e0 la m\u00eame menace en Mer de Chine ce qui l\u2019oblige \u00e0 rappeler avec force que l\u2019\u00eele de Ta\u00efwan est partie int\u00e9grante de son territoire. Ce combat est un combat existentiel que la Chine m\u00e8ne tant que nation. Le monde arabe esquisse des initiatives de regrouper ses forces et ses opportunit\u00e9s pour se poser comme une entit\u00e9, une identit\u00e9 qui a son mot \u00e0 dire. Dans un r\u00e9cent article publi\u00e9 dans la newsletter \u00abGlobal\u00bb de Federico Rampini, l\u2019auteur indique que \u00ab derri\u00e8re les ambitions footballistiques de Riad, il y a bien plus. \u00ab Dans un rayon de cinq heures de vol du golfe arabo- persique vivent trois milliards de personnes avec une moyenne d&rsquo;\u00e2ge de 26 ans, et une natalit\u00e9 toujours dynamique : c&rsquo;est la sph\u00e8re g\u00e9ographique sur laquelle le nouveau monde arabe veut peser. Il comprend \u00ab\u00a0notre\u00a0\u00bb M\u00e9diterran\u00e9e. L&rsquo;\u00e9conomie et la d\u00e9mographie remettent au premier plan l&rsquo;Orient qui fut le berceau de l&rsquo;islam. Le long de ces c\u00f4tes, les marchands indiens et chinois faisaient d\u00e9j\u00e0 du commerce il y a plus de deux mille ans. Aujourd&rsquo;hui, les Arabes sont \u00e0 nouveau les protagonistes de nouvelles formes de mondialisation, dans lesquelles ils entendent jouer un r\u00f4le central \u00bb.<\/p>\n\n\n\n<p>En ce qui concerne l\u2019Inde et le Br\u00e9sil, ils ont d\u00e9j\u00e0 acquis droit de cit\u00e9. Mais qu\u2019en est-il de l\u2019Afrique, berceau de la civilisation sur terre et, de loin, continent le plus riche de la plan\u00e8te ? Elle n\u2019est nulle part dans les tablettes sauf s\u2019il s\u2019agit des modalit\u00e9s de se la partager. Voil\u00e0 les questions sur lesquelles nous sommes aussi interpell\u00e9s et leur prise en compte dans nos formes de conscience nous am\u00e8nerait s\u00fbrement \u00e0 aborder diff\u00e9remment les contradictions qui structurent notre v\u00e9cu quotidien.<\/p>\n\n\n\n<p>Notre pays a les capacit\u00e9s intellectuelles de stimuler la r\u00e9flexion et l\u2019\u00e9laboration sur le sort qui est fait \u00e0 l\u2019Afrique dans cette lutte pour l\u2019existence (au sens de compter dans la balance g\u00e9n\u00e9rale des affaires du monde) mais, malheureusement, nous voici totalement liqu\u00e9fi\u00e9s, invisibles sur les \u00e9crans radars de ces probl\u00e9matiques du futur de notre monde parce qu\u2019\u00e9tant totalement englu\u00e9s dans des batailles dont il faut diss\u00e9quer la substance.<\/p>\n\n\n\n<p>S\u2019agissant pr\u00e9cis\u00e9ment de ces contradictions internes, elles continuent d\u2019\u00eatre trait\u00e9es sur le mode de la destruction mutuelle ce qui, au plan politique, est totalement contreproductif pour l\u2019opposition d\u00e9mocratique. Nous avons toujours estim\u00e9, \u00e0 partir d\u2019un certain discours prof\u00e9r\u00e9 depuis les rangs de l\u2019opposition, qu\u2019il fallait faire tr\u00e8s attention pour identifier et situer les diff\u00e9rentes forces en mouvement dans l\u2019opposition.<\/p>\n\n\n\n<p>Dans une interview accord\u00e9e au quotidien l\u2019Observateur, je m\u2019\u00e9tais longuement exprim\u00e9, d\u00e8s le mois de f\u00e9vrier 2023, sur la configuration des forces oppositionnelles aujourd\u2019hui au S\u00e9n\u00e9gal. Dans cet entretien, une des questions du journaliste \u00e9tait la suivante : \u00ab D\u2019habitude, les territoires religieux, surtout Touba, \u00e9taient \u00e9pargn\u00e9s de remous, mais vendredi le rubicond a \u00e9t\u00e9 franchi. Qu\u2019est-ce qui explique cette situation ? \u00bb Voici la r\u00e9ponse que j\u2019avais apport\u00e9e :<\/p>\n\n\n\n<p><strong>\u00ab Vous avez particuli\u00e8rement not\u00e9 dans la derni\u00e8re p\u00e9riode des attaques \u00e0 la fois syst\u00e9matiques et syst\u00e9miques contre les autorit\u00e9s religieuses les plus en vue du pays. Ceci n\u2019est pas, selon moi un hasard.<br><br>Nous avons dans le tableau des contradictions politiques, sociales et culturelles actuelles plusieurs dimensions qui s\u2019entrem\u00ealent et qu\u2019il est difficile (mais pas impossible) de s\u00e9rier. Nous avons les luttes que m\u00e8nent les forces d\u00e9mocratiques de l\u2019opposition. Ces luttes peuvent \u00eatre dures, m\u00eame violentes comme l\u2019histoire du pays en atteste\u2026 C\u2019\u00e9tait le cas entre le BDS de Senghor et la SFIO de Lamine Gu\u00e8ye avant l\u2019ind\u00e9pendance et, apr\u00e8s l\u2019ind\u00e9pendance, entre l\u2019Ups (anc\u00eatre du Ps actuel) et le PRA S\u00e9n\u00e9gal, puis entre le Ps et le PDS, etc. Toutefois, ce qui est remarquable, c\u2019est qu\u2019en d\u00e9pit du caract\u00e8re violent de ces contradictions, le substrat politique qui liait les protagonistes \u00e9tait la R\u00e9publique et la D\u00e9mocratie. J\u2019ajouterai que ce substrat commun englobait aussi, pour l\u2019essentiel, les r\u00e9f\u00e9rences soci\u00e9tales : Respect mutuel de la foi de chacun dans la diversit\u00e9 confessionnelle et culturelle.<br><br>En somme tout le monde admettait les m\u00eames fondamentaux. La particularit\u00e9 de la p\u00e9riode actuelle est l\u2019\u00e9mergence de forces souterraines qui se greffent \u00e0 la vague montante du mouvement d\u00e9mocratique avec des objectifs de subversion de nos fondamentaux. Ces forces n\u2019ont rien \u00e0 voir avec la d\u00e9mocratie et les libert\u00e9s. Elles esp\u00e8rent, le moment venu, d\u00e9border les v\u00e9ritables forces d\u00e9mocratiques qui se battent pour pousser leurs objectifs sp\u00e9cifiques parmi lesquels la liquidation des confr\u00e9ries religieuses au S\u00e9n\u00e9gal (quelle vanit\u00e9 !). Des personnes sont clairement identifi\u00e9es, insultant les autorit\u00e9s religieuses, travaillant avec d\u00e9termination et opini\u00e2tret\u00e9 \u00e0 les d\u00e9cr\u00e9dibiliser et \u00e0 les disqualifier. Ces personnes n\u2019agissent pas seules.Elles ne sont que des porte-voix d\u2019un projet d\u2019\u00e9limination des confr\u00e9ries et, au passage, de l\u2019ensemble de nos fondamentaux qui ont marqu\u00e9 et marquent encore l\u2019originalit\u00e9, la richesse et la stabilit\u00e9 relative de notre soci\u00e9t\u00e9 \u00bb.<\/strong><\/p>\n\n\n\n<p>Quatre mois apr\u00e8s cet entretien, en juin dernier, il est apparu tr\u00e8s nettement dans la rue qu\u2019il y avait, derri\u00e8re les protestations, des objectifs et des ambitions \u00e0 dissocier.<\/p>\n\n\n\n<p>Ce rep\u00e9rage continue d\u2019avoir une grande pertinence \u00e0 mes yeux si j\u2019analyse certains discours r\u00e9solument va-t-en-guerre dans l\u2019opposition alors qu\u2019il devrait \u00eatre plut\u00f4t question de chercher \u00e0 sauver ce qui peut encore l\u2019\u00eatre. Cette logique suicidaire ne rel\u00e8ve pas de la logique des luttes d\u00e9mocratiques et populaires de par le monde. Elle ne prend pas en compte le sort des personnes qui ne misent d\u00e9sormais que sur leurs sacrifices personnels comme la gr\u00e8ve de la faim pour se tirer d\u2019affaire. Ce discours de va-t-en-guerre montre que pour ses tenants, le mouvement d\u00e9mocratique n\u2019est qu\u2019un cheval de Troie pour s\u2019emparer des leviers de commande et jeter par-dessus bord nos fondamentaux et notre identit\u00e9.<\/p>\n\n\n\n<p>C\u2019est en cela qu\u2019un d\u00e9bat intellectuel de qualit\u00e9 est devenu une n\u00e9cessit\u00e9 incontournable. Il suppose un grand courage et la d\u00e9termination propre aux personnes porteuses de conviction. Dans ce cadre, il nous faut distinguer les empoignades et autres \u00e9changes pol\u00e9mistes et propagandistes entre acteurs politiques et la d\u00e9marche analytique et critique de l\u2019intellectuel soucieux de rigueur et d\u2019objectivit\u00e9. Ainsi, lorsque certains parlent de recul d\u00e9mocratique de 60 ans et de dictature au S\u00e9n\u00e9gal, l\u2019on peut mettre cela sur le premier registre. Mais une approche strictement intellectuelle de l\u2019\u00c9tat en tant que concept au S\u00e9n\u00e9gal dans les ann\u00e9es 20 du 21 \u00e8me si\u00e8cle se garderait d\u2019un tel raccourci.<\/p>\n\n\n\n<p>En effet cette approche prendrait en compte le fait que de 1963 jusqu\u2019en 1974, il existait un parti unique de fait porteur d\u2019une pens\u00e9e unique v\u00e9hicul\u00e9e par une radio unique, une t\u00e9l\u00e9vision unique et un quotidien unique alors qu\u2019aujourd\u2019hui 300 \u00e0 400 partis se d\u00e9ploient sur le champ politique dont plus d\u2019une vingtaine au parlement. On ne compte plus les radios, t\u00e9l\u00e9s, organes de la presse \u00e9crite etc. Cette analyse prendrait \u00e9galement en compte le fait qu\u2019en 1963, il y avait au parlement 80 d\u00e9put\u00e9s de l\u2019Union Progressiste S\u00e9n\u00e9galaise (UPS devenu Ps) sur 80 membres de l\u2019Assembl\u00e9e nationale soit 100% des si\u00e8ges alors qu\u2019aujourd\u2019hui le pouvoir et l\u2019opposition sont en quasi-\u00e9galit\u00e9 \u00e0 l\u2019Assembl\u00e9e nationale chacun ayant plus de 80 d\u00e9put\u00e9s. Il en est de m\u00eame de la caract\u00e9risation de dictature corr\u00e9l\u00e9e \u00e0 la nature de l\u2019\u00c9tat que nous avons.<\/p>\n\n\n\n<p>En effet dans une dictature, il n\u2019y a ni pluralisme, ni diversit\u00e9. Une dictature n\u2019est pas battue \u00e0 des \u00e9lections. Dans une dictature, le dictateur ne vit pas dans une capitale administr\u00e9e par une opposition. Par cons\u00e9quent le travail de dissection des caract\u00e9ristiques institutionnelles, politiques, sociales et m\u00eame culturelles de l\u2019\u00c9tat reste \u00e0 faire. Concluons : Nous sommes aujourd\u2019hui dans un contexte politique sans pr\u00e9c\u00e8dent depuis l\u2019ind\u00e9pendance, o\u00f9 le Pr\u00e9sident de la R\u00e9publique sortant n\u2019est pas candidat \u00e0 sa propre succession.<\/p>\n\n\n\n<p>Nous devrions prendre une claire conscience de cette situation exceptionnelle \u00e0 tous \u00e9gards pour en mesurer les \u00e9normes opportunit\u00e9s sans en occulter les inconnus. Pour appr\u00e9hender avec rigueur ce contexte, nous devrions r\u00e9actualiser nos outils d\u2019analyse traditionnels pour \u00eatre capables d\u2019esquisser un nouveau mod\u00e8le politique qui serait mieux en phase avec nos d\u00e9fis et notre identit\u00e9 propre et non plus des mod\u00e8les exog\u00e8nes con\u00e7us pour des int\u00e9r\u00eats exog\u00e8nes au service d\u2019un syst\u00e8me capitaliste n\u00e9olib\u00e9ral dont la vocation naturelle est de d\u00e9truire les richesses de la terre, d\u00e9truire notre humanitude et finalement d\u00e9truire la plan\u00e8te elle-m\u00eame.<\/p>\n\n\n\n<p>C\u2019est dans ce nouveau mod\u00e8le politique que nous trouverons les solutions \u00e0 nos contradictions d\u2019aujourd\u2019hui. Ce mod\u00e8le aura comme fondement les exigences de notre peuple et celles de notre \u00e9poque. Son \u00e9laboration devrait \u00eatre l\u2019\u0153uvre de tous les fils et filles du pays qui le comprennent ainsi.<\/p>\n\n\n\n<p>Dakar le 30 ao\u00fbt 2023<\/p>\n\n\n\n<p><strong>*Mamadou Diop Decroix<\/strong>&nbsp;est candidat \u00e0 l\u2019\u00e9lection pr\u00e9sidentielle de f\u00e9vrier 2024<\/p>\n","protected":false},"excerpt":{"rendered":"<p>Apr\u00e8s un p\u00e9riode de batailles de rues meurtri\u00e8res et d\u00e9vastatrices, le calme est revenu au pays. Une p\u00e9riode f\u00e9conde semblait<\/p>\n","protected":false},"author":1,"featured_media":20401,"comment_status":"open","ping_status":"open","sticky":false,"template":"","format":"standard","meta":{"footnotes":""},"categories":[6],"tags":[],"class_list":["post-20400","post","type-post","status-publish","format-standard","has-post-thumbnail","hentry","category-politics"],"_links":{"self":[{"href":"https:\/\/dekkbi.com\/index.php?rest_route=\/wp\/v2\/posts\/20400","targetHints":{"allow":["GET"]}}],"collection":[{"href":"https:\/\/dekkbi.com\/index.php?rest_route=\/wp\/v2\/posts"}],"about":[{"href":"https:\/\/dekkbi.com\/index.php?rest_route=\/wp\/v2\/types\/post"}],"author":[{"embeddable":true,"href":"https:\/\/dekkbi.com\/index.php?rest_route=\/wp\/v2\/users\/1"}],"replies":[{"embeddable":true,"href":"https:\/\/dekkbi.com\/index.php?rest_route=%2Fwp%2Fv2%2Fcomments&post=20400"}],"version-history":[{"count":1,"href":"https:\/\/dekkbi.com\/index.php?rest_route=\/wp\/v2\/posts\/20400\/revisions"}],"predecessor-version":[{"id":20402,"href":"https:\/\/dekkbi.com\/index.php?rest_route=\/wp\/v2\/posts\/20400\/revisions\/20402"}],"wp:featuredmedia":[{"embeddable":true,"href":"https:\/\/dekkbi.com\/index.php?rest_route=\/wp\/v2\/media\/20401"}],"wp:attachment":[{"href":"https:\/\/dekkbi.com\/index.php?rest_route=%2Fwp%2Fv2%2Fmedia&parent=20400"}],"wp:term":[{"taxonomy":"category","embeddable":true,"href":"https:\/\/dekkbi.com\/index.php?rest_route=%2Fwp%2Fv2%2Fcategories&post=20400"},{"taxonomy":"post_tag","embeddable":true,"href":"https:\/\/dekkbi.com\/index.php?rest_route=%2Fwp%2Fv2%2Ftags&post=20400"}],"curies":[{"name":"wp","href":"https:\/\/api.w.org\/{rel}","templated":true}]}}