{"id":2035,"date":"2022-10-20T10:24:51","date_gmt":"2022-10-20T10:24:51","guid":{"rendered":"https:\/\/dekkbi.com\/?p=2035"},"modified":"2022-10-20T10:24:53","modified_gmt":"2022-10-20T10:24:53","slug":"le-communique-du-conseil-des-ministres","status":"publish","type":"post","link":"https:\/\/dekkbi.com\/?p=2035","title":{"rendered":"Le Communiqu\u00e9 du Conseil des ministres"},"content":{"rendered":"\n<p><\/p>\n\n\n\n<p>Le Conseil des ministres s\u2019est tenu le mercredi 19 octobre 2022 au Palais de la R\u00e9publique, sous la pr\u00e9sidence du Chef de l\u2019Etat, son Excellence, Monsieur Macky SALL.<\/p>\n\n\n\n<p><br>Le Chef de l\u2019Etat a, \u00e0 l\u2019entame de sa communication, adress\u00e9 ses chaleureuses f\u00e9licitations au Ministre de l\u2019Enseignement sup\u00e9rieur, de la Recherche et de l\u2019Innovation, au Recteur, aux enseignants, aux \u00e9tudiants et aux personnels de l\u2019Universit\u00e9 Cheikh Anta DIOP de Dakar (UCAD) pour la distinction remarquable de l\u2019institution comme premier \u00e9tablissement d\u2019enseignement sup\u00e9rieur de l\u2019Afrique francophone.<br><br>Le Pr\u00e9sident de la R\u00e9publique saisit cette occasion, pour r\u00e9it\u00e9rer au Gouvernement ses directives visant l\u2019am\u00e9lioration continue des performances du syst\u00e8me d\u2019enseignement sup\u00e9rieur et de recherche en concertation permanente avec tous les acteurs de la communaut\u00e9 universitaire.<br><br>Sur le m\u00eame sujet, le Chef de l\u2019Etat a demand\u00e9 au Ministre de l\u2019Enseignement sup\u00e9rieur, de la Recherche et de l\u2019Innovation d\u2019entamer la r\u00e9flexion sur les curricula et les sites d\u2019installation de la future Universit\u00e9 du S\u00e9n\u00e9gal oriental.<br><br>Revenant sur la relance du secteur strat\u00e9gique du Tourisme, le Chef de l\u2019Etat a insist\u00e9 sur la priorit\u00e9 qu\u2019il accorde au d\u00e9veloppement de ce secteur \u00e9conomique et social majeur de la vie nationale.<br><br>Le Pr\u00e9sident de la R\u00e9publique a rappel\u00e9 les importants efforts financiers consentis par le Gouvernement pour accompagner les op\u00e9rateurs nationaux du secteur, dans le cadre du programme de r\u00e9silience \u00e9conomique et social (PRES).<br><br>Le Chef de l\u2019Etat demande, dans une dynamique de relance, au Ministre du Tourisme d\u2019engager avec les professionnels du secteur et les autres parties prenantes, des concertations en vue : du d\u00e9veloppement des zones touristiques \u00e9mergentes (Pointe sar\u00e8ne, Mbodi\u00e8ne, Joal Finio, \u00eeles du Saloum et de la basse Casamance, etc.) (i) ; de la redynamisation du cr\u00e9dit h\u00f4telier et de l\u2019emploi au niveau des \u00e9tablissements et sites touristiques (ii) dans le respect du pacte de stabilit\u00e9 social sign\u00e9.<br><br>Le Chef de l\u2019Etat a rappel\u00e9 l\u2019attention particuli\u00e8re \u00e0 accorder \u00e0 la pr\u00e9servation des plages et au cadre de vie des localit\u00e9s touristiques.<br><br>Le Pr\u00e9sident de la R\u00e9publique a, enfin, demand\u00e9 au Premier Ministre de proc\u00e9der au lancement de la saison touristique 2022- 2023 apr\u00e8s la tenue d\u2019un Conseil interminist\u00e9riel prochain sur le secteur.<br><br>Sur le climat social et le suivi des affaires int\u00e9rieures, le Pr\u00e9sident de la R\u00e9publique a insist\u00e9 sur les dossiers suivants :<br>\u2022 La gestion des patients insuffisants r\u00e9naux dans les h\u00f4pitaux et centres de dialyse et la qualit\u00e9 des infrastructures sanitaires en demandant au Ministre de la Sant\u00e9 et de l\u2019Action sociale de prendre toutes les dispositions requises pour une am\u00e9lioration de la prise en charge. Le Pr\u00e9sident de la R\u00e9publique a notamment relev\u00e9 l\u2019urgence d\u2019acc\u00e9l\u00e9rer la r\u00e9habilitation du Service de Neurologie de l\u2019h\u00f4pital de Fann;<br>&nbsp;<br>\u2022 Le d\u00e9veloppement territorial inclusif des zones mini\u00e8res en invitant le Premier Ministre \u00e0 r\u00e9unir les Ministres et soci\u00e9t\u00e9s impliqu\u00e9s en vue du d\u00e9ploiement urgent d\u2019actions cons\u00e9quentes de promotion de l\u2019emploi local et d\u2019am\u00e9lioration du cadre de vie des populations en termes de r\u00e9alisation d\u2019infrastructures \u00e9conomiques et sociales de base.<br>Abordant le suivi de la coop\u00e9ration, des partenariats et son agenda, le Pr\u00e9sident de la R\u00e9publique a inform\u00e9 le Conseil de la s\u00e9ance de restitution des travaux du chantier Paix et s\u00e9curit\u00e9 de l\u2019UEMOA qu\u2019il a pr\u00e9sid\u00e9e, le vendredi 7 octobre 2022.<br>Le Chef de l\u2019Etat a \u00e9galement tenu \u00e0 organiser apr\u00e8s la r\u00e9union du Conseil des ministres, un s\u00e9minaire gouvernemental de m\u00e9thode et d\u2019\u00e9changes sur les politiques publiques en vue de la pr\u00e9paration de la session budg\u00e9taire et d\u2019une prise en charge en mode \u00ab Fast Track \u00bb des urgences \u00e9conomiques et sociales.<br>Dans sa communication, le Premier Ministre a \u00e9voqu\u00e9 les sujets suivants :<br>\u2022 l\u2019\u00e9tat d\u2019avancement des concertations sur la lutte contre la vie ch\u00e8re ;<br>\u2022 la c\u00e9r\u00e9monie de r\u00e9ception de mat\u00e9riel roulant destin\u00e9 aux services du minist\u00e8re de l\u2019Elevage et des Productions animales ;<br>\u2022 la r\u00e9union de coordination entre le Minist\u00e8re de l\u2019Economie, du Plan et de la Coop\u00e9ration et le Minist\u00e8re des Finances et du Budget ;<br>\u2022 la r\u00e9union sur les projets hospitaliers initi\u00e9s par Son Excellence, Monsieur le Pr\u00e9sident de la R\u00e9publique ;<br>\u2022 la r\u00e9union sur la situation sociale dans le secteur de la sant\u00e9 ;<br>\u2022 la r\u00e9union sur la souverainet\u00e9 alimentaire.<br>&nbsp;<br>&nbsp;<br>&nbsp;<br>&nbsp;<br>&nbsp;<br>&nbsp; &nbsp; &nbsp; &nbsp; &nbsp; &nbsp; &nbsp; &nbsp; &nbsp; &nbsp; AU TITRE DES COMMUNICATIONS DES MINISTRES<br>\u2022 Le Ministre des Affaires \u00e9trang\u00e8res et des S\u00e9n\u00e9galais de l\u2019Ext\u00e9rieur a fait une communication sur la situation internationale ;<br>\u2022 Le Ministre des Finances et du Budget a fait un compte rendu de sa participation aux assembl\u00e9es g\u00e9n\u00e9rales du FMI et de la Banque Mondiale, compl\u00e9t\u00e9 par le Ministre de l\u2019Economie, du Plan et de la Coop\u00e9ration ;<br>\u2022 Le Ministre de la Sant\u00e9 et de l\u2019Action sociale a fait une communication sur la situation de l\u2019offre de dialyse au S\u00e9n\u00e9gal.<br>&nbsp;<br>&nbsp; &nbsp; &nbsp; &nbsp; &nbsp; &nbsp; AU TITRE DES TEXTES LEGISLATIFS ET REGLEMENTAIRES<br>Le Conseil a examin\u00e9 et adopt\u00e9 :<br>\u2022 Le projet de d\u00e9cret portant organisation du Minist\u00e8re des Infrastructures, des Transports terrestres et du D\u00e9senclavement ; &nbsp;<br>&nbsp;<br>AU TITRE DES MESURES INDIVIDUELLES<br><br>Le Pr\u00e9sident de la R\u00e9publique a pris les d\u00e9cisions suivantes :<br>\u2022 Monsieur Makhtar LAKH, Commissaire aux enqu\u00eates \u00e9conomiques principal, est nomm\u00e9 Secr\u00e9taire g\u00e9n\u00e9ral du Minist\u00e8re des Transports a\u00e9riens et du D\u00e9veloppement des Infrastructures a\u00e9roportuaires ;<br>&nbsp;<br>\u2022 Monsieur Ma\u00ebl THIAM, Expert en Marketing et Strat\u00e9gies, est nomm\u00e9 Pr\u00e9sident du Conseil d\u2019Administration de la Soci\u00e9t\u00e9 nationale des Eaux du S\u00e9n\u00e9gal (SONES), en remplacement de Monsieur Mody SY ;<br>&nbsp;<br>\u2022 Monsieur Mamadou Mory DIAW, Sp\u00e9cialiste en D\u00e9veloppement territorial et en Sant\u00e9, est nomm\u00e9 Pr\u00e9sident du Conseil de Surveillance de l\u2019Agence des Travaux et de Gestion des Routes (AGEROUTE S\u00e9n\u00e9gal), en remplacement de Monsieur Sylvain Alphonse BOYER, appel\u00e9 \u00e0 d\u2019autres fonctions ;<br><br>\u2022 Monsieur Sylvain Alphonse BOYER, Pharmacien, pr\u00e9c\u00e9demment Pr\u00e9sident du Conseil de Surveillance de l\u2019Agence des Travaux et de Gestion des Routes (AGEROUTE S\u00e9n\u00e9gal), est nomm\u00e9 Pr\u00e9sident du Conseil de R\u00e9glementation de l\u2019Agence s\u00e9n\u00e9galaise de R\u00e8glementation Pharmaceutique (ARP), poste vacant ;<br>&nbsp;<br>\u2022 Monsieur Mamadou Mamour DIALLO, Inspecteur principal des Imp\u00f4ts et des Domaines est nomm\u00e9 Directeur g\u00e9n\u00e9ral de l\u2019Office national de l\u2019Assainissement du S\u00e9n\u00e9gal (ONAS), en remplacement de Monsieur Ababakar MBAYE, appel\u00e9 \u00e0 d\u2019autres fonctions ;<br>&nbsp;<br>\u2022 Monsieur El Hadji Ousmane BARRO DIONE, Titulaire d\u2019un master d\u2019Etudes sup\u00e9rieures diplomatiques, pr\u00e9c\u00e9demment Secr\u00e9taire g\u00e9n\u00e9ral de la Compagnie du Th\u00e9\u00e2tre national Daniel Sorano, est nomm\u00e9 Directeur g\u00e9n\u00e9ral de la Compagnie du Th\u00e9\u00e2tre national Daniel Sorano, en remplacement de Monsieur Abdoulaye Koundoul ;<br>&nbsp;<br>\u2022 Monsieur Mamadou WADE, Conseiller en planification, est nomm\u00e9 Inspecteur des Affaires administratives et financi\u00e8res au Minist\u00e8re des Transports a\u00e9riens et du D\u00e9veloppement des Infrastructures a\u00e9roportuaires, poste vacant ;<br>&nbsp;<br>\u2022 Madame Coumba SOW, Juriste en service au Minist\u00e8re de l\u2019Economie, du Plan et de la Coop\u00e9ration, est nomm\u00e9 Inspecteur technique au Minist\u00e8re de l\u2019Economie, du Plan et de la Coop\u00e9ration ;<br>&nbsp;<br>\u2022 Monsieur Cheikh Ahmadou Bamba SARR, Titulaire d\u2019un Master 2 en Gestion et Finances publiques, pr\u00e9c\u00e9demment Directeur de l\u2019Administration g\u00e9n\u00e9rale et de l\u2019Equipement au Minist\u00e8re de l\u2019Artisanat et de la Transformation du Secteur informel, est nomm\u00e9 Directeur de l\u2019Artisanat, en remplacement de Monsieur Moctar DIAKHATE, admis \u00e0 faire valoir ses droits \u00e0 une pension de retraite.<br>&nbsp;<br>\u2022 Monsieur Soul\u00e8ye KANE, Inspecteur de Sp\u00e9cialit\u00e9, est nomm\u00e9 Directeur de l\u2019Apprentissage au Minist\u00e8re de la Formation professionnelle, de l\u2019Apprentissage et de l\u2019Insertion, en remplacement de Monsieur \u200bOusmane Adama DIA appel\u00e9 \u00e0 d\u2019autres fonctions ;<br>&nbsp;<br>&nbsp;<br>\u2022 Monsieur Cheikh DIOUF, Sp\u00e9cialiste en Gestion de la mobilit\u00e9, des transports et de la logistique est nomm\u00e9 Directeur des Infrastructures a\u00e9roportuaires au Minist\u00e8re des Transports a\u00e9riens et du D\u00e9veloppement des Infrastructures a\u00e9roportuaires, poste vacant ;<br>&nbsp;<br>\u2022 Monsieur Ibrahima Sorry SARR, Planificateur, est nomm\u00e9 Directeur de l\u2019Administration g\u00e9n\u00e9rale et de l\u2019Equipement au Minist\u00e8re des Transports a\u00e9riens et du D\u00e9veloppement des Infrastructures a\u00e9roportuaires ;<br>&nbsp;<br>\u2022 Monsieur Amadou DIALLO, pr\u00e9c\u00e9demment Directeur du Renouveau du Service public au Minist\u00e8re de Fonction publique et du Renouveau du Service public, est nomm\u00e9 Directeur de l\u2019Administration g\u00e9n\u00e9rale et de l\u2019Equipement au Minist\u00e8re de la Formation professionnelle, de l\u2019Apprentissage et de l\u2019Insertion ;<br>&nbsp;<br>\u2022 Monsieur Alioune Palla MBAYE, juriste, est nomm\u00e9 Directeur de l\u2019Administration g\u00e9n\u00e9rale et de l\u2019Equipement au Minist\u00e8re de la Culture et du Patrimoine historique, poste vacant ;<br>&nbsp; &nbsp; &nbsp; &nbsp; &nbsp; &nbsp; &nbsp; &nbsp; &nbsp; &nbsp; &nbsp; &nbsp; &nbsp; &nbsp; &nbsp; &nbsp; &nbsp;<br>\u2022 Monsieur Ahmadou NDIAYE, Enseignant, est nomm\u00e9 Pr\u00e9sident du Conseil d\u2019administration du Grand Th\u00e9\u00e2tre Doudou Ndiaye Coumba Rose, en remplacement de Madame Khadija SY ;<br>&nbsp;<br>\u2022 Monsieur Abel Ngor MARONE, Titulaire d\u2019un Doctorat \u00e8s lettres, est nomm\u00e9 Secr\u00e9taire g\u00e9n\u00e9ral de la Compagnie du Th\u00e9\u00e2tre national Daniel Sorano en remplacement de Monsieur El Hadji Ousmane BARRO Dione, appel\u00e9 \u00e0 d\u2019autres fonctions ;<br>&nbsp;<br>Fait \u00e0 Dakar le 19 octobre 2022<\/p>\n","protected":false},"excerpt":{"rendered":"<p>Le Conseil des ministres s\u2019est tenu le mercredi 19 octobre 2022 au Palais de la R\u00e9publique, sous la pr\u00e9sidence du<\/p>\n","protected":false},"author":1,"featured_media":0,"comment_status":"open","ping_status":"open","sticky":false,"template":"","format":"standard","meta":{"footnotes":""},"categories":[6],"tags":[],"class_list":["post-2035","post","type-post","status-publish","format-standard","hentry","category-politics"],"_links":{"self":[{"href":"https:\/\/dekkbi.com\/index.php?rest_route=\/wp\/v2\/posts\/2035","targetHints":{"allow":["GET"]}}],"collection":[{"href":"https:\/\/dekkbi.com\/index.php?rest_route=\/wp\/v2\/posts"}],"about":[{"href":"https:\/\/dekkbi.com\/index.php?rest_route=\/wp\/v2\/types\/post"}],"author":[{"embeddable":true,"href":"https:\/\/dekkbi.com\/index.php?rest_route=\/wp\/v2\/users\/1"}],"replies":[{"embeddable":true,"href":"https:\/\/dekkbi.com\/index.php?rest_route=%2Fwp%2Fv2%2Fcomments&post=2035"}],"version-history":[{"count":1,"href":"https:\/\/dekkbi.com\/index.php?rest_route=\/wp\/v2\/posts\/2035\/revisions"}],"predecessor-version":[{"id":2037,"href":"https:\/\/dekkbi.com\/index.php?rest_route=\/wp\/v2\/posts\/2035\/revisions\/2037"}],"wp:attachment":[{"href":"https:\/\/dekkbi.com\/index.php?rest_route=%2Fwp%2Fv2%2Fmedia&parent=2035"}],"wp:term":[{"taxonomy":"category","embeddable":true,"href":"https:\/\/dekkbi.com\/index.php?rest_route=%2Fwp%2Fv2%2Fcategories&post=2035"},{"taxonomy":"post_tag","embeddable":true,"href":"https:\/\/dekkbi.com\/index.php?rest_route=%2Fwp%2Fv2%2Ftags&post=2035"}],"curies":[{"name":"wp","href":"https:\/\/api.w.org\/{rel}","templated":true}]}}