{"id":20332,"date":"2023-09-01T08:54:33","date_gmt":"2023-09-01T08:54:33","guid":{"rendered":"https:\/\/dekkbi.com\/?p=20332"},"modified":"2023-09-01T08:54:34","modified_gmt":"2023-09-01T08:54:34","slug":"senelec-met-fin-a-une-polemique-sur-une-supposee-hausse-des-couts-du-woyofal","status":"publish","type":"post","link":"https:\/\/dekkbi.com\/?p=20332","title":{"rendered":"Senelec met fin \u00e0 une pol\u00e9mique sur une suppos\u00e9e hausse des co\u00fbts du woyofal"},"content":{"rendered":"\n<p>Ces derniers temps, il a \u00e9t\u00e9 constat\u00e9 une pol\u00e9mique autour des prix du cr\u00e9dit Woyofal qui, pour certains consommateurs, ont connu une hausse. Dans ce contexte, la Soci\u00e9t\u00e9 nationale d\u2019\u00e9lectricit\u00e9 (Senelec) du S\u00e9n\u00e9gal, a tenu \u00e0 apporter des \u00e9claircissements \u00e0 ce titre au cours d\u2019une rencontre avec le Collectif des journalistes \u00e9conomiques du S\u00e9n\u00e9gal (Cojes).<\/p>\n\n\n\n<figure class=\"wp-block-image\"><img decoding=\"async\" src=\"https:\/\/www.lejecos.com\/photo\/art\/default\/74968575-52434387.jpg?v=1693507629\" alt=\"Senelec met fin \u00e0 une pol\u00e9mique sur une suppos\u00e9e hausse des co\u00fbts du woyofal\" title=\"Senelec met fin \u00e0 une pol\u00e9mique sur une suppos\u00e9e hausse des co\u00fbts du woyofal\"\/><\/figure>\n\n\n\n<p>L\u2019objectif de la rencontre \u00e9tait, selon la directrice principale commerciale de la Senelec, de partager avec les membres du Cojes, les informations li\u00e9es particuli\u00e8rement au syst\u00e8me de facturation.<br><br>\u00ab&nbsp;C\u2019est une fausse pol\u00e9mique&nbsp;\u00bb, a indiqu\u00e9 Tabara Ndoye Ba qui a expliqu\u00e9 dans la foul\u00e9e que \u00ab les tarifs appliqu\u00e9s en ce moment sont ceux issus du d\u00e9cret 2022-54 de la Commission de r\u00e9gulation du secteur de l\u2019\u00e9nergie&nbsp;\u00bb. Ces tarifs sont entr\u00e9s en vigueur depuis le 1er janvier 2023. \u00ab&nbsp;Donc, il n\u2019y a pas eu de changement sur la tarification&nbsp;\u00bb, a-t-elle insist\u00e9, soulignant que la Senelec \u00ab&nbsp;n\u2019a pas la capacit\u00e9 d\u2019augmenter les prix car il y a le r\u00e9gulateur qui est l\u00e0&nbsp;\u00bb.<br><br>Par contre, a ajout\u00e9 Mme Ba, ce qu\u2019on peut noter c\u2019est qu\u2019&nbsp;\u00ab&nbsp;actuellement il fait tr\u00e8s chaud et que les gens ont besoin de beaucoup plus d\u2019\u00e9nergie pour leur consommation&nbsp;\u00bb. Cette augmentation de la consommation en \u00e9lectricit\u00e9 se r\u00e9percute sur la cat\u00e9gorisation des clients.<br><br>Ce qu\u2019il faut comprendre en ce sens, c\u2019est que la tarification est faite selon trois tranches de consommateurs avec des prix diff\u00e9rents.<br><br>La premi\u00e8re tranche, commun\u00e9ment appel\u00e9 \u00ab&nbsp;tranche sociale&nbsp;\u00bb repr\u00e9sente les couches les plus vuln\u00e9rables dont la consommation maximale ne d\u00e9passe pas 150 kWh par mois.<br><br>La deuxi\u00e8me tranche concerne les clients dont la consommation mensuelle est estim\u00e9e \u00e0 250 kWh. Pour la troisi\u00e8me tranche, les clients ont une consommation moyenne de 700 kW par mois.<br><br>Ces derniers temps, il y avait des voix pour d\u00e9noncer une hausse du co\u00fbt de l\u2019\u00e9lectricit\u00e9. Tel n\u2019est pas \u00e0 en croire les sp\u00e9cialistes de la Senelec qui ont fait des explications aux journalistes.<br><br>En fonction de sa consommation d\u2019\u00e9lectricit\u00e9 dans le mois (d\u00e9passant 150 kw), le client de la premi\u00e8re tranche peut basculer dans la deuxi\u00e8me, ce qui entra\u00eene un changement dans la tarification (il paye plus que lorsqu\u2019il \u00e9tait dans la premi\u00e8re tranche).<br><br>Pour palier \u00e0 cela, les techniciens de la Senelec invitent les consommateurs \u00e0 ne pas d\u00e9passer la moyenne maximale de leur tranche dans le mois. Cela dit, le client qui est dans la premi\u00e8re tranche doit veiller \u00e0 ne pas consommer plus de 150 kw dans le mois.<br><br>Par ailleurs, la Senelec a re\u00e7u, \u00e0 fin juillet cette ann\u00e9e, 34 099 r\u00e9clamations. Pour autant, la directrice principale commerciale estime que le produit Woyofal est \u00ab&nbsp;bien accept\u00e9&nbsp;\u00bb par les clients.<br><br>Elle explique, dans ce sillage, que 70% de la client\u00e8le de Senelec utilisent Woyofal actuellement et que la client\u00e8le domestique petite puissance (Dpp) qui ne passent pas 250 kw le mois repr\u00e9sente 86% des consommateurs des clients Woyofal.<br><br>En plus du prix de l\u2019\u00e9nergie consomm\u00e9e les clients qui sont dans la troisi\u00e8me tranche doivent payer la Taxe sur la valeur ajout\u00e9e (TVA), la Taxe communale (Tco) et une redevance, ce qui augmente la somme \u00e0 payer.<br><br><strong>Bassirou MBAYE<\/strong><\/p>\n","protected":false},"excerpt":{"rendered":"<p>Ces derniers temps, il a \u00e9t\u00e9 constat\u00e9 une pol\u00e9mique autour des prix du cr\u00e9dit Woyofal qui, pour certains consommateurs, ont<\/p>\n","protected":false},"author":1,"featured_media":2689,"comment_status":"open","ping_status":"open","sticky":false,"template":"","format":"standard","meta":{"footnotes":""},"categories":[3],"tags":[],"class_list":["post-20332","post","type-post","status-publish","format-standard","has-post-thumbnail","hentry","category-event-more-news"],"_links":{"self":[{"href":"https:\/\/dekkbi.com\/index.php?rest_route=\/wp\/v2\/posts\/20332","targetHints":{"allow":["GET"]}}],"collection":[{"href":"https:\/\/dekkbi.com\/index.php?rest_route=\/wp\/v2\/posts"}],"about":[{"href":"https:\/\/dekkbi.com\/index.php?rest_route=\/wp\/v2\/types\/post"}],"author":[{"embeddable":true,"href":"https:\/\/dekkbi.com\/index.php?rest_route=\/wp\/v2\/users\/1"}],"replies":[{"embeddable":true,"href":"https:\/\/dekkbi.com\/index.php?rest_route=%2Fwp%2Fv2%2Fcomments&post=20332"}],"version-history":[{"count":1,"href":"https:\/\/dekkbi.com\/index.php?rest_route=\/wp\/v2\/posts\/20332\/revisions"}],"predecessor-version":[{"id":20333,"href":"https:\/\/dekkbi.com\/index.php?rest_route=\/wp\/v2\/posts\/20332\/revisions\/20333"}],"wp:featuredmedia":[{"embeddable":true,"href":"https:\/\/dekkbi.com\/index.php?rest_route=\/wp\/v2\/media\/2689"}],"wp:attachment":[{"href":"https:\/\/dekkbi.com\/index.php?rest_route=%2Fwp%2Fv2%2Fmedia&parent=20332"}],"wp:term":[{"taxonomy":"category","embeddable":true,"href":"https:\/\/dekkbi.com\/index.php?rest_route=%2Fwp%2Fv2%2Fcategories&post=20332"},{"taxonomy":"post_tag","embeddable":true,"href":"https:\/\/dekkbi.com\/index.php?rest_route=%2Fwp%2Fv2%2Ftags&post=20332"}],"curies":[{"name":"wp","href":"https:\/\/api.w.org\/{rel}","templated":true}]}}