{"id":20301,"date":"2023-08-31T14:36:22","date_gmt":"2023-08-31T14:36:22","guid":{"rendered":"https:\/\/dekkbi.com\/?p=20301"},"modified":"2023-08-31T14:36:22","modified_gmt":"2023-08-31T14:36:22","slug":"harcelement-menaces-persecution-les-graves-accusations-de-fatou-ouleye-sambou-contre-le-dg-de-lorsre","status":"publish","type":"post","link":"https:\/\/dekkbi.com\/?p=20301","title":{"rendered":"\u00ab Harc\u00e8lement, menaces, pers\u00e9cution \u00bb\u2026: Les graves accusations de Fatou Oul\u00e8ye Sambou contre le Dg de l\u2019Orsre"},"content":{"rendered":"\n<p><strong>L\u2019Organe de r\u00e9gulation du syst\u00e8me de r\u00e9c\u00e9piss\u00e9 d\u2019entrep\u00f4t (Orsre) est secou\u00e9 par une grave affaire d\u2019accusations et de d\u00e9ballages de la part de la responsable Marketing et communication, Fatou Oul\u00e8ye Sambou, contre le Directeur g\u00e9n\u00e9ral, Driss Junior Diallo. L\u2019affaire a atterri devant l&rsquo;inspecteur r\u00e9gional du travail.<\/strong><\/p>\n\n\n\n<p>Au d\u00e9but de la collaboration, en d\u00e9cembre 2021, en qualit\u00e9 de sp\u00e9cialiste en communication, tout \u00e9tait rose. Mais moins de deux ann\u00e9es plus tard, rien ne va plus entre Fatou Oul\u00e8ye Sambou et le directeur g\u00e9n\u00e9ral de l\u2019Organe de r\u00e9gulation du syst\u00e8me de r\u00e9c\u00e9piss\u00e9 d\u2019entrep\u00f4t (Orsre), une Autorit\u00e9 administrative ind\u00e9pendante (AAI) rattach\u00e9e au minist\u00e8re du Commerce, de la Consommation et des PME, en qualit\u00e9 de Sp\u00e9cialiste en communication.<\/p>\n\n\n\n<p>Et pour cause ? Mme Thiam d\u00e9clare avoir \u00e9t\u00e9 nomm\u00e9e responsable Marketing et Communication, d\u00e8s sa prise de service. \u00ab Un poste que j&rsquo;ai \u00e9t\u00e9 la premi\u00e8re \u00e0 occuper au sein de l&rsquo;organisation et pour lequel j&rsquo;effectuais douze heures de travail par jour, sept jours par semaine pour cause de charge importante de travail (communication digitale, partenariat, communication institutionnelle, prise d&rsquo;image, montage, newsletter hebdomadaire, gestion de la communication interne, gestion de la communication de crise) \u00bb. Des efforts qui, selon elle, lui ont valu une promotion, le 31 d\u00e9cembre 2022, date \u00e0 laquelle elle est nomm\u00e9e cheffe du d\u00e9partement Marketing et Communication.<\/p>\n\n\n\n<p>Toutefois, elle raconte avoir fait l\u2019objet d&rsquo;une \u00ab chasse \u00e0 l\u2019homme de la part de (son) Directeur g\u00e9n\u00e9ral, sans aucun fondement professionnel \u00bb, depuis le 20 juin 2023. Ce, apr\u00e8s qu\u2019elle a eu des diff\u00e9rends avec son \u00e9poux.&nbsp; \u00ab Mon Directeur g\u00e9n\u00e9ral m\u2019a fait comprendre qu\u2019il s\u2019int\u00e9ressait \u00e0 moi. J\u2019ai d\u00e9couvert qu&rsquo;il avait un ant\u00e9c\u00e9dent avec ma famille, car ayant eu un enfant naturel avec la femme de mon oncle. Je lui ai donc fait comprendre que je lui \u00e9tais interdite et il a commenc\u00e9 \u00e0 prof\u00e9rer des menaces \u00e0 mon encontre \u00bb.<\/p>\n\n\n\n<p><img decoding=\"async\" src=\"https:\/\/images.seneweb.com\/dynamic\/modules\/news\/images\/gen\/Papelaye\/Fatou-Ouleye-1.png\"><br><strong>\u00ab Vers 19h, j\u2019ai re\u00e7u, une fois de plus, les avances de mon Dg \u00bb<\/strong><\/p>\n\n\n\n<p>&nbsp;Mais ce n\u2019est pas tout \u00e0 l\u2019en croire. \u00ab Le jeudi 22 juin 2023, alors que je terminais le montage de la vid\u00e9o d&rsquo;annonce de la campagne SRE anacarde, vers 19 heures, j&rsquo;ai re\u00e7u, une fois de plus, les avances de mon sup\u00e9rieur hi\u00e9rarchique en question. Ce qui lui aura valu un s\u00e9v\u00e8re rappel \u00e0 l&rsquo;ordre de ma part, mais l&rsquo;aura pouss\u00e9 \u00e0 prof\u00e9rer des menaces \u00e0 mon encontre. Cela, notamment sous forme de messages \u00e9crits stipulant que notre cohabitation sera d\u00e9sormais hostile \u00bb, accuse Fatou Oiul\u00e8ye Sambou.&nbsp;<\/p>\n\n\n\n<p>Cette derni\u00e8re ajoute que \u00ab le lendemain, vendredi 23 juin 2023, les pers\u00e9cutions sont all\u00e9es crescendo. Son assistante, suivant son instruction, m&rsquo;a enlev\u00e9e de la rencontre avec Senum SA que j&rsquo;ai coordonn\u00e9e, sans explication aucune. Par ailleurs, il a demand\u00e9 \u00e0 ce que je lui rende la cl\u00e9 de l&rsquo;entr\u00e9e principale du bureau, qui m&rsquo;avait \u00e9t\u00e9 remise pour \u00e9viter que l&rsquo;on m&rsquo;y enferme une nouvelle fois, \u00e9tant donn\u00e9 que je descends parfois apr\u00e8s 21 heures. Une cl\u00e9 \u00e0 laquelle tous les coll\u00e8gues ont eu droit \u00bb, poursuit-elle, indiquant \u00eatre mise de c\u00f4t\u00e9 pour le voyage du 8 juillet 2023 portant sur le projet GLOBALTEC pour lequel elle dit \u00eatre au c\u0153ur des activit\u00e9s de terrain en tant que point focal, sous pr\u00e9texte que sa place aurait \u00e9t\u00e9 requise par le ministre pour que quelqu&rsquo;un du Minist\u00e8re fasse partie de la d\u00e9l\u00e9gation.<\/p>\n\n\n\n<p>Toujours dans ses d\u00e9nonciations, notre interlocutrice soutient que \u00ab le 24 juillet 2023, une note de service mettant fin \u00e0 (sa) nomination&nbsp; (lui) a \u00e9t\u00e9 remise sans en pr\u00e9ciser la raison \u00bb, regrettant en outre, \u00eatre mise de c\u00f4t\u00e9 pour toutes les rencontres institutionnelles qu\u2019elle avait facilit\u00e9es gr\u00e2ce \u00e0 son r\u00e9seau.<\/p>\n\n\n\n<p>Fatou Oul\u00e8ye Sambou dit avoir pr\u00e9sent\u00e9, le lundi 10 juillet 2023, un certificat de repos m\u00e9dical pour affection m\u00e9dicale du fait de son \u00ab rythme de travail intense \u00bb, soulignant que \u00ab malgr\u00e9 plusieurs demandes de cong\u00e9s refus\u00e9es, repos auquel je n\u2019ai pas eu droit depuis 2020 car \u00e9tant d\u00e9bauch\u00e9e d&rsquo;une ONG \u00bb.<\/p>\n\n\n\n<p><strong>Le Dg de l&rsquo;Orsre convoqu\u00e9, trois ministres saisi<\/strong><\/p>\n\n\n\n<p>La semaine suivante, il lui a \u00e9t\u00e9 reproch\u00e9, dans une demande d&rsquo;explication, de ne pas avoir travaill\u00e9 malgr\u00e9 en avoir inform\u00e9 son sup\u00e9rieur. Malgr\u00e9 ses \u00ab preuves \u00bb justifiant son absence, elle dit avoir \u00ab re\u00e7u une seconde demande d&rsquo;explication de (son) sup\u00e9rieur hi\u00e9rarchique l\u2019accusant d&rsquo;arriver en retard, notamment un jour o\u00f9 j&rsquo;\u00e9tais en t\u00e9l\u00e9travail, sur son autorisation, mais pour lequel je me suis rendue au bureau, ou encore un jour o\u00f9 j&rsquo;avais d\u00e9pos\u00e9 un certificat m\u00e9dical car ayant fait un malaise au bureau. Dans cette m\u00eame demande, il me reproche d&rsquo;avoir \u00e9bruit\u00e9 ses menaces, qu&rsquo;il a faites avec comme fondement le fait qu&rsquo;il ait particip\u00e9 \u00e0 la r\u00e9bellion en C\u00f4te d&rsquo;Ivoire. Demande \u00e0 laquelle j&rsquo;ai r\u00e9pondu avec toute la responsabilit\u00e9 requise \u00bb.<\/p>\n\n\n\n<p>Notre interlocutrice informe, en outre, que son ordinateur portable a \u00e9t\u00e9 r\u00e9quisitionn\u00e9, le jeudi 23 juillet, pour \u00ab l&rsquo;installation d\u2019un logiciel que je suis en mesure de faire moi-m\u00eame et que je demande \u00e0 acqu\u00e9rir depuis mon arriv\u00e9e. Six (06) jours apr\u00e8s, il ne m&rsquo;a toujours pas \u00e9t\u00e9 remis sans aucune explication, faisant que je ne peux plus honorer mon droit d&rsquo;\u00eatre assign\u00e9e \u00e0 une t\u00e2che dans le cadre de l&rsquo;horaire \u00e9tabli \u00bb.<\/p>\n\n\n\n<p>Fatou Oul\u00e8ye estime qu\u2019il lui a \u00e9t\u00e9 notifi\u00e9, le 07 ao\u00fbt dernier, de sa \u00ab r\u00e9trogradation \u00bb et de son \u00ab affectation \u00bb par note de service, lui demandant de \u00ab rendre les acc\u00e8s de toutes nos plateformes et de lib\u00e9rer mon bureau \u00bb.<\/p>\n\n\n\n<p>\u00ab A trois reprises, j&rsquo;ai re\u00e7u la suggestion du Chef du D\u00e9partement ressources humaines de d\u00e9missionner. Suggestion que j&rsquo;ai d\u00e9clin\u00e9e en ce sens o\u00f9 je ne suis qu&rsquo;une victime \u00bb, pr\u00e9cise-t-elle, r\u00e9v\u00e9lant avoir saisi son ministre de tutelle et deux autres ministres de la R\u00e9publique. Seneweb apprend \u00e9galement que le directeur g\u00e9n\u00e9ral de l&rsquo;Orsre a \u00e9t\u00e9 convoqu\u00e9, ce mercredi 30 ao\u00fbt \u00e0 15h, \u00e0 l&rsquo;Inspection r\u00e9gionale du travail et de la S\u00e9curit\u00e9 sociale de Dakar.<\/p>\n\n\n\n<p><img decoding=\"async\" src=\"https:\/\/images.seneweb.com\/dynamic\/modules\/news\/images\/gen\/Papelaye\/Fatou-Ouleye-2.png\"><br>Dans le souci d&rsquo;\u00e9quilibrer, nous avons, dans le cadre de notre travail de collecte, tent\u00e9 de joindre en vain M. Diallo incrimin\u00e9.<\/p>\n\n\n\n<p>Source &#8211; seneweb<\/p>\n","protected":false},"excerpt":{"rendered":"<p>L\u2019Organe de r\u00e9gulation du syst\u00e8me de r\u00e9c\u00e9piss\u00e9 d\u2019entrep\u00f4t (Orsre) est secou\u00e9 par une grave affaire d\u2019accusations et de d\u00e9ballages de<\/p>\n","protected":false},"author":1,"featured_media":20302,"comment_status":"open","ping_status":"open","sticky":false,"template":"","format":"standard","meta":{"footnotes":""},"categories":[26],"tags":[],"class_list":["post-20301","post","type-post","status-publish","format-standard","has-post-thumbnail","hentry","category-fait-divers"],"_links":{"self":[{"href":"https:\/\/dekkbi.com\/index.php?rest_route=\/wp\/v2\/posts\/20301","targetHints":{"allow":["GET"]}}],"collection":[{"href":"https:\/\/dekkbi.com\/index.php?rest_route=\/wp\/v2\/posts"}],"about":[{"href":"https:\/\/dekkbi.com\/index.php?rest_route=\/wp\/v2\/types\/post"}],"author":[{"embeddable":true,"href":"https:\/\/dekkbi.com\/index.php?rest_route=\/wp\/v2\/users\/1"}],"replies":[{"embeddable":true,"href":"https:\/\/dekkbi.com\/index.php?rest_route=%2Fwp%2Fv2%2Fcomments&post=20301"}],"version-history":[{"count":1,"href":"https:\/\/dekkbi.com\/index.php?rest_route=\/wp\/v2\/posts\/20301\/revisions"}],"predecessor-version":[{"id":20303,"href":"https:\/\/dekkbi.com\/index.php?rest_route=\/wp\/v2\/posts\/20301\/revisions\/20303"}],"wp:featuredmedia":[{"embeddable":true,"href":"https:\/\/dekkbi.com\/index.php?rest_route=\/wp\/v2\/media\/20302"}],"wp:attachment":[{"href":"https:\/\/dekkbi.com\/index.php?rest_route=%2Fwp%2Fv2%2Fmedia&parent=20301"}],"wp:term":[{"taxonomy":"category","embeddable":true,"href":"https:\/\/dekkbi.com\/index.php?rest_route=%2Fwp%2Fv2%2Fcategories&post=20301"},{"taxonomy":"post_tag","embeddable":true,"href":"https:\/\/dekkbi.com\/index.php?rest_route=%2Fwp%2Fv2%2Ftags&post=20301"}],"curies":[{"name":"wp","href":"https:\/\/api.w.org\/{rel}","templated":true}]}}