{"id":20235,"date":"2023-08-31T11:04:39","date_gmt":"2023-08-31T11:04:39","guid":{"rendered":"https:\/\/dekkbi.com\/?p=20235"},"modified":"2023-08-31T11:04:40","modified_gmt":"2023-08-31T11:04:40","slug":"execution-des-programmes-macky-accelere-ses-ministres","status":"publish","type":"post","link":"https:\/\/dekkbi.com\/?p=20235","title":{"rendered":"Ex\u00e9cution des programmes : Macky acc\u00e9l\u00e8re ses ministres"},"content":{"rendered":"\n<p>Les r\u00e9unions hebdomadaires du Conseil des ministres ont repris hier, mercredi 30 ao\u00fbt, apr\u00e8s un mois de vacances gouvernementales. Lors de cette r\u00e9union, le chef de l\u2019Etat, Macky Sall, a rappel\u00e9 avec insistance \u00e0 ses ministres l\u2019urgence d\u2019acc\u00e9l\u00e9rer la cadence sur les priorit\u00e9s de l\u2019action gouvernementale \u00e0 compter de septembre 2023 au 02 avril 2024.<\/p>\n\n\n\n<p>Le communiqu\u00e9 du conseil de renseigner que le Chef de l\u2019Etat a indiqu\u00e9 \u00e0 chaque ministre, l\u2019imp\u00e9ratif de la prise en charge des t\u00e2ches r\u00e9galiennes au quotidien et de mobiliser les administrations et les structures parapubliques plac\u00e9es sous sa tutelle autour de \u00abl\u2019acc\u00e9l\u00e9ration de l\u2019ex\u00e9cution des programmes et actions relevant de leurs attributions et missions respectives\u00bb.<\/p>\n\n\n\n<p>Dans la dynamique de la mise en \u0153uvre du Plan S\u00e9n\u00e9gal Emergent (Pse) et de la pr\u00e9paration du projet de loi de finances pour l\u2019ann\u00e9e 2024, le pr\u00e9sident de la R\u00e9publique a demand\u00e9 \u00e0 son Premier ministre, Amadou Ba, de veiller \u00e0 l\u2019adoption prochaine en Conseil des ministres du Plan d\u2019actions prioritaires 3 couvrant la p\u00e9riode 2024-2028.<\/p>\n\n\n\n<p>MACKY VALORISE SA POLITIQUE ECONOMIQUE ET SOCIALE ET ENTEND RECEPTIONNER \u00abSES\u00bb INFRASTRUCTURES<\/p>\n\n\n\n<p>Sur ce, le Pr\u00e9sident Sall a invit\u00e9 son gouvernement \u00e0 finaliser la publication des r\u00e9sultats du 5\u00e8me Recensement g\u00e9n\u00e9ral de la Population et de l\u2019Habitat et du processus de \u00abrebasing\u00bb du Produit int\u00e9rieur brut, afin de consolider la coh\u00e9rence et les performances de notre politique \u00e9conomique et sociale.<\/p>\n\n\n\n<p>S\u2019agissant du volet social, le chef de l\u2019Etat a r\u00e9affirm\u00e9 l\u2019imp\u00e9ratif de veiller au d\u00e9ploiement optimal des marqueurs d\u2019\u00e9quit\u00e9 sociale et territoriale \u00e0 travers : la r\u00e9ception des travaux en cours de Promovilles dans plusieurs communes prioritaires cibl\u00e9es ; la mise en \u0153uvre ad\u00e9quate du Programme national de Bourses de s\u00e9curit\u00e9 familiale et de la Carte d\u2019\u00e9galit\u00e9 des chances ; l\u2019intensification de l\u2019ex\u00e9cution des projets d\u2019\u00e9lectrification et d\u2019hydraulique rurale ; la r\u00e9alisation des pistes de production avec le Programme d\u2019urgence de d\u00e9veloppement communautaire (Pudc), le Programme d\u2019urgence de modernisation des axes (Puma) et le Programme sp\u00e9cial de d\u00e9senclavement (Psd).<\/p>\n\n\n\n<p>Concernant le Psd, il est demand\u00e9 au Pm Amadou Ba et \u00e0 Mansour Faye, ministre en charge des Infrastructures de proposer un sous-programme d\u2019urgence de routes et pistes prioritaires \u00e0 r\u00e9aliser, d\u2019ici mars 2024, avant de souligner, en outre, l\u2019imp\u00e9ratif de finaliser en int\u00e9gralit\u00e9 les travaux de l\u2019Autoroute Mbour-Fatick- Kaolack, de la deuxi\u00e8me phase du TER (sur l\u2019axe Diamniadio-Aibd), ceux du BRT, projet dont la fonctionnalit\u00e9 doit \u00eatre assur\u00e9e, avant fin janvier 2024, de m\u00eame que la r\u00e9habilitation des chemins de fer sur l\u2019axe Dakar-Tambacounda.<\/p>\n\n\n\n<p>LES PORTS DE BARGNY-SENDOU ET NDAYANE ET LA FINITION DES AEROPORTS REGIONAUX<\/p>\n\n\n\n<p>Par la m\u00eame occasion, le Pr\u00e9sident de la R\u00e9publique a demand\u00e9 au ministre des P\u00eaches et de l\u2019Economie maritime de veiller \u00e0 la finalisation des travaux du Port min\u00e9ralier et vraquier de Bargny-Sendou et d\u2019assurer le suivi de la construction du Port multifonction de Ndayane et de ses am\u00e9nagements connexes, ainsi que de l\u2019exploitation fonctionnelle du Port de Ndakhonga, en relation avec le Port Autonome de Dakar et les partenaires de l\u2019Etat.<\/p>\n\n\n\n<p>Lors de ce premier conseil des ministres d\u2019apr\u00e8s vacances gouvernementales, le Pr\u00e9sident Sall a rappel\u00e9 l\u2019importance de veiller \u00e0 la r\u00e9ception fonctionnelle des infrastructures a\u00e9roportuaires pr\u00e9vues dans le cadre du Programme de Reconstruction des A\u00e9roports r\u00e9gionaux (Pras), avec la mise en service de l\u2019a\u00e9roport de Saint-Louis, et la r\u00e9ception des travaux des a\u00e9roports de Ourossogui, de Tambacounda, K\u00e9dougou, Kolda, Ziguinchor, en plus de l\u2019extension de la piste actuelle de S\u00e9dhiou.<\/p>\n\n\n\n<p>RECEPTION, DANS LES DELAIS, DES TRAVAUX DE POLYCLINIQUES D\u2019HOPITAUX ET LE PROGRAMME DES 100.000 LOGEMENTS<\/p>\n\n\n\n<p>Il est rappel\u00e9 au ministre de la Sant\u00e9 et de l\u2019Action sociale et au ministre en charge de l\u2019Economie, l\u2019urgence de veiller \u00e0 la r\u00e9ception, dans les d\u00e9lais, des travaux de la Polyclinique de l\u2019h\u00f4pital principal de Dakar, de l\u2019ex-h\u00f4pital Aristide Le Dantec, de l\u2019h\u00f4pital de Tivaouane, de l\u2019h\u00f4pital de Matam \u00e0 Ourossogui et du Centre national d\u2019Oncologie \u00e0 Diamniadio. Par la m\u00eame occasion, il est demand\u00e9 d\u2019acc\u00e9l\u00e9rer la mise en \u0153uvre du programme des 100.000 logements.<br>Source &#8211; SudQuotidien<\/p>\n","protected":false},"excerpt":{"rendered":"<p>Les r\u00e9unions hebdomadaires du Conseil des ministres ont repris hier, mercredi 30 ao\u00fbt, apr\u00e8s un mois de vacances gouvernementales. Lors<\/p>\n","protected":false},"author":1,"featured_media":20236,"comment_status":"open","ping_status":"open","sticky":false,"template":"","format":"standard","meta":{"footnotes":""},"categories":[6],"tags":[],"class_list":["post-20235","post","type-post","status-publish","format-standard","has-post-thumbnail","hentry","category-politics"],"_links":{"self":[{"href":"https:\/\/dekkbi.com\/index.php?rest_route=\/wp\/v2\/posts\/20235","targetHints":{"allow":["GET"]}}],"collection":[{"href":"https:\/\/dekkbi.com\/index.php?rest_route=\/wp\/v2\/posts"}],"about":[{"href":"https:\/\/dekkbi.com\/index.php?rest_route=\/wp\/v2\/types\/post"}],"author":[{"embeddable":true,"href":"https:\/\/dekkbi.com\/index.php?rest_route=\/wp\/v2\/users\/1"}],"replies":[{"embeddable":true,"href":"https:\/\/dekkbi.com\/index.php?rest_route=%2Fwp%2Fv2%2Fcomments&post=20235"}],"version-history":[{"count":1,"href":"https:\/\/dekkbi.com\/index.php?rest_route=\/wp\/v2\/posts\/20235\/revisions"}],"predecessor-version":[{"id":20237,"href":"https:\/\/dekkbi.com\/index.php?rest_route=\/wp\/v2\/posts\/20235\/revisions\/20237"}],"wp:featuredmedia":[{"embeddable":true,"href":"https:\/\/dekkbi.com\/index.php?rest_route=\/wp\/v2\/media\/20236"}],"wp:attachment":[{"href":"https:\/\/dekkbi.com\/index.php?rest_route=%2Fwp%2Fv2%2Fmedia&parent=20235"}],"wp:term":[{"taxonomy":"category","embeddable":true,"href":"https:\/\/dekkbi.com\/index.php?rest_route=%2Fwp%2Fv2%2Fcategories&post=20235"},{"taxonomy":"post_tag","embeddable":true,"href":"https:\/\/dekkbi.com\/index.php?rest_route=%2Fwp%2Fv2%2Ftags&post=20235"}],"curies":[{"name":"wp","href":"https:\/\/api.w.org\/{rel}","templated":true}]}}