{"id":20159,"date":"2023-08-30T12:05:15","date_gmt":"2023-08-30T12:05:15","guid":{"rendered":"https:\/\/dekkbi.com\/?p=20159"},"modified":"2023-08-30T12:11:49","modified_gmt":"2023-08-30T12:11:49","slug":"football-mali-le-president-de-la-fede-reelu-depuis-la-prison","status":"publish","type":"post","link":"https:\/\/dekkbi.com\/?p=20159","title":{"rendered":"Mali: le pr\u00e9sident de la F\u00e9d\u00e9 r\u00e9\u00e9lu depuis\u2026 la prison !"},"content":{"rendered":"\n<p>iGFM (Dakar) La liste de candidature dirig\u00e9e par Mamoutou Tour\u00e9 dit Bavieux a \u00e9t\u00e9 \u00e9lue, le mardi 29 ao\u00fbt, \u00e0 la t\u00eate de la f\u00e9d\u00e9ration malienne de football au cours d\u2019une assembl\u00e9e g\u00e9n\u00e9rale \u00e9lective. C\u2019\u00e9tait en pr\u00e9sence des d\u00e9l\u00e9gu\u00e9s de la Fifa et du repr\u00e9sentant du minist\u00e8re de la Jeunesse et des Sports.<\/p>\n\n\n\n<p>Mamoutou Tour\u00e9 dit Bavieux rempile pour un nouveau mandat de quatre ans \u00e0 la t\u00eate du comit\u00e9 ex\u00e9cutif de la f\u00e9d\u00e9ration malienne de football (Femafoot). Sa liste de candidature a \u00e9t\u00e9 pl\u00e9biscit\u00e9e (61 voix sur 81) par les d\u00e9l\u00e9gu\u00e9s r\u00e9unis en assembl\u00e9e g\u00e9n\u00e9rale \u00e9lective de l\u2019instance dirigeante du football malien. La liste conduite par le pr\u00e9sident sortant \u00e9tait la seule en comp\u00e9tition apr\u00e8s l\u2019invalidation par la commission d\u2019appel des \u00e9lections de celle conduite par Salaha Baby pour insuffisance de parrainage.<br><br>En pla\u00e7ant leur confiance \u00e0 Mamoutou Tour\u00e9 dit Bavieux, gestionnaire \u00e0 la retraite, pour diriger le comit\u00e9 ex\u00e9cutif de la Femafoot, les 61 des 63 d\u00e9l\u00e9gu\u00e9s pr\u00e9sents \u00e0 l\u2019assembl\u00e9e g\u00e9n\u00e9rale ont fait le choix de la continuit\u00e9. Bavieux devient ainsi le premier pr\u00e9sident sortant \u00e0 se succ\u00e9der \u00e0 lui-m\u00eame depuis 25 ans. En effet, aucun pr\u00e9sident sortant n\u2019a, depuis 2002, r\u00e9ussi \u00e0 faire deux mandats cons\u00e9cutifs. Son \u00e9lection met ainsi fin \u00e0 cette instabilit\u00e9 chronique \u00e0 la t\u00eate de l\u2019instance dirigeante du sport roi au Mali. Une instabilit\u00e9 qui a impact\u00e9 n\u00e9gativement sur les r\u00e9sultats du football malien.<br><br><strong>Bavieux incarc\u00e9r\u00e9 depuis le 09 ao\u00fbt pour des faits pr\u00e9sum\u00e9s d\u2019atteinte aux biens publics<\/strong><br><br>Les d\u00e9l\u00e9gu\u00e9s proches du candidat Salaha Baby ont boycott\u00e9 l\u2019assembl\u00e9e g\u00e9n\u00e9rale \u00e9lective. Ils protestent contre l\u2019invalidation de leur liste de candidature par la commission d\u2019appel des \u00e9lections de la Femafoot et la validation de la liste de candidature de Bavieux. Ils estiment que le pr\u00e9sident sortant ne peut pas satisfaire le questionnaire d\u2019int\u00e9grit\u00e9 de la Fifa en raison du fait que celui-ci fait l\u2019objet des poursuites judiciaires. Bavieux est incarc\u00e9r\u00e9 depuis le 09 ao\u00fbt pour des faits pr\u00e9sum\u00e9s d\u2019atteinte aux biens publics. Une affaire en lien avec sa gestion \u00e0 l\u2019Assembl\u00e9e nationale o\u00f9 il \u00e9tait directeur administratif et financier. Il faut rappeler que l\u2019assembl\u00e9e g\u00e9n\u00e9rale \u00e9lective s\u2019est d\u00e9roul\u00e9e en pr\u00e9sence des d\u00e9l\u00e9gu\u00e9s de la Fifa et du repr\u00e9sentant du minist\u00e8re de la jeunesse et des Sports.<br><br>AVEC MALIWEB<\/p>\n","protected":false},"excerpt":{"rendered":"<p>iGFM (Dakar) La liste de candidature dirig\u00e9e par Mamoutou Tour\u00e9 dit Bavieux a \u00e9t\u00e9 \u00e9lue, le mardi 29 ao\u00fbt, \u00e0<\/p>\n","protected":false},"author":1,"featured_media":20160,"comment_status":"open","ping_status":"open","sticky":false,"template":"","format":"standard","meta":{"footnotes":""},"categories":[9],"tags":[],"class_list":["post-20159","post","type-post","status-publish","format-standard","has-post-thumbnail","hentry","category-sports"],"_links":{"self":[{"href":"https:\/\/dekkbi.com\/index.php?rest_route=\/wp\/v2\/posts\/20159","targetHints":{"allow":["GET"]}}],"collection":[{"href":"https:\/\/dekkbi.com\/index.php?rest_route=\/wp\/v2\/posts"}],"about":[{"href":"https:\/\/dekkbi.com\/index.php?rest_route=\/wp\/v2\/types\/post"}],"author":[{"embeddable":true,"href":"https:\/\/dekkbi.com\/index.php?rest_route=\/wp\/v2\/users\/1"}],"replies":[{"embeddable":true,"href":"https:\/\/dekkbi.com\/index.php?rest_route=%2Fwp%2Fv2%2Fcomments&post=20159"}],"version-history":[{"count":2,"href":"https:\/\/dekkbi.com\/index.php?rest_route=\/wp\/v2\/posts\/20159\/revisions"}],"predecessor-version":[{"id":20167,"href":"https:\/\/dekkbi.com\/index.php?rest_route=\/wp\/v2\/posts\/20159\/revisions\/20167"}],"wp:featuredmedia":[{"embeddable":true,"href":"https:\/\/dekkbi.com\/index.php?rest_route=\/wp\/v2\/media\/20160"}],"wp:attachment":[{"href":"https:\/\/dekkbi.com\/index.php?rest_route=%2Fwp%2Fv2%2Fmedia&parent=20159"}],"wp:term":[{"taxonomy":"category","embeddable":true,"href":"https:\/\/dekkbi.com\/index.php?rest_route=%2Fwp%2Fv2%2Fcategories&post=20159"},{"taxonomy":"post_tag","embeddable":true,"href":"https:\/\/dekkbi.com\/index.php?rest_route=%2Fwp%2Fv2%2Ftags&post=20159"}],"curies":[{"name":"wp","href":"https:\/\/api.w.org\/{rel}","templated":true}]}}