{"id":20135,"date":"2023-08-30T11:31:45","date_gmt":"2023-08-30T11:31:45","guid":{"rendered":"https:\/\/dekkbi.com\/?p=20135"},"modified":"2023-08-30T11:31:46","modified_gmt":"2023-08-30T11:31:46","slug":"preparatifs-du-magal-letat-sinstalle-a-touba","status":"publish","type":"post","link":"https:\/\/dekkbi.com\/?p=20135","title":{"rendered":"Pr\u00e9paratifs du Magal : L\u2019\u00c9tat \u00abs\u2019installe\u00bb \u00e0 Touba"},"content":{"rendered":"\n<p><strong>C\u2019est le ballet des autorit\u00e9s \u00e9tatiques \u00e0 Touba \u00e0 quelques jours du Grand Magal de Touba. Il y a la s\u00e9curit\u00e9 routi\u00e8re, le probl\u00e8me de la disponibilit\u00e9 de l\u2019eau potable et aussi les risques d\u2019inondations avec les pluies recens\u00e9es ces derni\u00e8res heures ou annonc\u00e9es prochainement. Macky Sall est attendu demain \u00e0 Touba dans le cadre de la visite annuelle pr\u00e9-Magal.<\/strong><\/p>\n\n\n\n<p>Le Pr\u00e9sident Sall est attendu demain \u00e0 Touba pour son dernier voyage pr\u00e9sidentiel en p\u00e9riode de Magal. En attendant, les autorit\u00e9s \u00e9tatiques multiplient les d\u00e9placements dans la ville religieuse, \u00e0 5 jours de l\u2019\u00e9v\u00e8nement qui va rassembler encore des millions de p\u00e8lerins venus de tous les coins de la plan\u00e8te. En cette p\u00e9riode d\u2019hivernage, la situation devient tr\u00e8s compliqu\u00e9e avec des risques d\u2019inondations. Vingt camions-citernes, d\u2019une capacit\u00e9 de 30 mille litres chacun, seront d\u00e9ploy\u00e9s pour assurer un approvisionnement correct en eau de la ville de Touba, \u00e0 l\u2019occasion du Grand Magal pr\u00e9vu cette ann\u00e9e le 4 septembre, a annonc\u00e9 mardi, le ministre de l\u2019Int\u00e9rieur, Antoine F\u00e9lix Diome, qui s\u2019est rendu \u00e0 Touba. \u00abLe Magal de Touba est un \u00e9v\u00e9nement qui draine beaucoup de monde. C\u2019est pourquoi l\u2019alimentation en eau potable devient une n\u00e9cessit\u00e9. L\u2019Etat du S\u00e9n\u00e9\u00adgal, par le biais du Pr\u00e9sident Macky Sall, a mis \u00e0 la disposition de Touba, 20 camions-citernes d\u2019eau dont chacun a une capacit\u00e9 de 30 mille litres (\u2026)\u00bb, a-t-il d\u00e9clar\u00e9 \u00e0 l\u2019Aps.<\/p>\n\n\n\n<p><br>Le ministre de l\u2019Int\u00e9rieur intervenait lors de l\u2019ouverture d\u2019une R\u00e9union nationale d\u2019\u00e9valuation du Grand Magal de Touba \u00e0 la r\u00e9sidence Cheikhoul Khadim, \u00e0 Touba, en pr\u00e9sence de plusieurs autorit\u00e9s religieuses, administratives et locales. \u00abChaque citerne peut faire quatre rotations par jour. Donc, en une journ\u00e9e, on peut avoir 2 millions 400 mille litres d\u2019eau\u00bb, a-t-il dit. Antoine F\u00e9lix Diome a en outre pr\u00e9cis\u00e9 que les sapeurs-pompiers seront \u00e9galement mobilis\u00e9s pour \u00abune bonne utilisation de ces citernes d\u2019eau\u00bb.<br>Comme lui, Mansour Faye \u00e9tait dans la capitale du mouridisme, pour lancer une campagne de sensibilisation sur la s\u00e9curit\u00e9 routi\u00e8re. Le ministre des Transports a invit\u00e9 les automobilistes \u00e0 la prudence et \u00e0 la responsabilit\u00e9 en vue de se pr\u00e9munir contre \u00ables risques li\u00e9s \u00e0 des accidents qui, souvent, peuvent \u00eatre \u00e9vit\u00e9s\u00bb \u00e0 l\u2019occasion du Grand Magal de Touba pr\u00e9vu le 4 septembre prochain, c\u00e9l\u00e9brant le d\u00e9part en exil de Cheikh Ahmadou Bamba, fondateur de la confr\u00e9rie des Mourides, a constat\u00e9 l\u2019Aps.<\/p>\n\n\n\n<p><br>\u00abNous devons nous mobiliser pour inciter chacun \u00e0 la prudence et \u00e0 la responsabilit\u00e9\u00bb, a notamment d\u00e9clar\u00e9 le ministre en charge des Transports, en proc\u00e9dant, mardi, au lancement d\u2019une campagne de sensibilisation sur la s\u00e9curit\u00e9 routi\u00e8re \u00e0 l\u2019occasion du Grand Magal de Touba.<\/p>\n\n\n\n<p><br>Des officiels, des repr\u00e9sentants d\u2019associations des usagers de la route, des membres de cabinets de v\u00e9rification, des concessionnaires, des chauffeurs et des m\u00e9caniciens ont pris part \u00e0 cette c\u00e9r\u00e9monie de lancement.<\/p>\n\n\n\n<p><br>A l\u2019initiative de l\u2019Agence nationale de s\u00e9curit\u00e9 routi\u00e8re (Anaser) et ses partenaires, le lancement de cette campagne de sensibilisation s\u2019est d\u00e9roul\u00e9 \u00e0 Dalifort, dans la banlieue dakaroise. A cet effet, une campagne de v\u00e9rification gratuite, du 29 ao\u00fbt au 1er septembre, est pr\u00e9vue au niveau de l\u2019Aire de repos de Rufisque, \u00e0 Dalifort, \u00e0 Toglou, \u00e0 la gare routi\u00e8re \u00abBaux mara\u00eechers\u00bb et au Stade L\u00e9opold S\u00e9dar Senghor, a-t-on appris lors de la c\u00e9r\u00e9monie de lancement. C\u2019est une mesure de pr\u00e9vention, surtout que les routes sont \u00abaccidentog\u00e8nes\u00bb en p\u00e9riode de Magal.<\/p>\n\n\n\n<p><br>\u00abL\u2019objectif de cette campagne est de pr\u00e9venir le risque li\u00e9 \u00e0 ces accidents qui souvent peuvent \u00eatre \u00e9vit\u00e9s\u00bb, a martel\u00e9 le ministre des Infrastructures, des transports terrestres et du d\u00e9senclavement \u00e0 l\u2019Aps. Il a indiqu\u00e9 que ce sera aussi l\u2019occasion de mener une \u00abcampagne de sensibilisation visant \u00e0 faire prendre conscience aux usagers de l\u2019importance du respect du dispositif de la s\u00e9curit\u00e9 routi\u00e8re\u00bb.<\/p>\n\n\n\n<p><br>Selon Mansour Faye, cette campagne de s\u00e9curit\u00e9 routi\u00e8re ouverte au public devrait offrir aux usagers et aux conducteurs, \u00abl\u2019opportunit\u00e9 de b\u00e9n\u00e9ficier gratuitement d\u2019un diagnostic de leurs v\u00e9hicules afin de d\u00e9tecter des d\u00e9faillances mineures constat\u00e9es gr\u00e2ce \u00e0 l\u2019expertise des professionnels op\u00e9rants sur place\u00bb. \u00abJ\u2019invite les conducteurs et usagers au respect scrupuleux des r\u00e8gles de conduite sur les routes\u00bb, a insist\u00e9 le ministre des Infrastructures, des transports terrestres et du d\u00e9senclavement.<\/p>\n\n\n\n<p><br>Il a promis que cette \u00abcampagne sera d\u00e9multipli\u00e9e sur l\u2019ensemble des axes autoroutiers du pays, et au niveau des principales gares routi\u00e8res d\u2019o\u00f9 partiront les p\u00e8lerins pour rallier Touba et plus tard Tivaouane \u00e0 l\u2019occasion du Gamou\u00bb.<\/p>\n\n\n\n<p><br>Mansour Faye a toutefois d\u00e9plor\u00e9 la \u00abrecrudescence d\u2019accidents de la route\u00bb constat\u00e9e ces derniers mois au S\u00e9n\u00e9gal et qui ont \u00aboccasionn\u00e9 des pertes en vies humaines, des bless\u00e9s graves, de nombreux traumatismes, ainsi que des pertes socio-\u00e9conomiques \u00e9normes \u00e0 l\u2019\u00e9chelle nationale\u00bb.<\/p>\n\n\n\n<p><br>Le Magal de Touba comm\u00e9more le d\u00e9part en exil au Gabon du fondateur du mouridisme, Cheikh Ahmadou Bamba (1853-1927). La 129e \u00e9dition va \u00eatre c\u00e9l\u00e9br\u00e9e lundi prochain, correspondant au 18e jour du mois lunaire Safar 1445h.<\/p>\n","protected":false},"excerpt":{"rendered":"<p>C\u2019est le ballet des autorit\u00e9s \u00e9tatiques \u00e0 Touba \u00e0 quelques jours du Grand Magal de Touba. Il y a la<\/p>\n","protected":false},"author":1,"featured_media":20136,"comment_status":"open","ping_status":"open","sticky":false,"template":"","format":"standard","meta":{"footnotes":""},"categories":[6],"tags":[],"class_list":["post-20135","post","type-post","status-publish","format-standard","has-post-thumbnail","hentry","category-politics"],"_links":{"self":[{"href":"https:\/\/dekkbi.com\/index.php?rest_route=\/wp\/v2\/posts\/20135","targetHints":{"allow":["GET"]}}],"collection":[{"href":"https:\/\/dekkbi.com\/index.php?rest_route=\/wp\/v2\/posts"}],"about":[{"href":"https:\/\/dekkbi.com\/index.php?rest_route=\/wp\/v2\/types\/post"}],"author":[{"embeddable":true,"href":"https:\/\/dekkbi.com\/index.php?rest_route=\/wp\/v2\/users\/1"}],"replies":[{"embeddable":true,"href":"https:\/\/dekkbi.com\/index.php?rest_route=%2Fwp%2Fv2%2Fcomments&post=20135"}],"version-history":[{"count":1,"href":"https:\/\/dekkbi.com\/index.php?rest_route=\/wp\/v2\/posts\/20135\/revisions"}],"predecessor-version":[{"id":20137,"href":"https:\/\/dekkbi.com\/index.php?rest_route=\/wp\/v2\/posts\/20135\/revisions\/20137"}],"wp:featuredmedia":[{"embeddable":true,"href":"https:\/\/dekkbi.com\/index.php?rest_route=\/wp\/v2\/media\/20136"}],"wp:attachment":[{"href":"https:\/\/dekkbi.com\/index.php?rest_route=%2Fwp%2Fv2%2Fmedia&parent=20135"}],"wp:term":[{"taxonomy":"category","embeddable":true,"href":"https:\/\/dekkbi.com\/index.php?rest_route=%2Fwp%2Fv2%2Fcategories&post=20135"},{"taxonomy":"post_tag","embeddable":true,"href":"https:\/\/dekkbi.com\/index.php?rest_route=%2Fwp%2Fv2%2Ftags&post=20135"}],"curies":[{"name":"wp","href":"https:\/\/api.w.org\/{rel}","templated":true}]}}