{"id":20118,"date":"2023-08-30T11:04:28","date_gmt":"2023-08-30T11:04:28","guid":{"rendered":"https:\/\/dekkbi.com\/?p=20118"},"modified":"2023-08-30T11:04:29","modified_gmt":"2023-08-30T11:04:29","slug":"syrie-dans-le-sud-du-pays-le-mouvement-de-contestation-contre-le-regime-se-radicalise","status":"publish","type":"post","link":"https:\/\/dekkbi.com\/?p=20118","title":{"rendered":"Syrie: dans le sud du pays, le mouvement de contestation contre le r\u00e9gime se radicalise"},"content":{"rendered":"\n<p>Pour le dixi\u00e8me jour cons\u00e9cutif, des centaines de Syriens sont descendus dans la rue mardi \u00e0 Soueida, dans le sud du pays, pour protester contre le r\u00e9gime. La contestation a \u00e9clat\u00e9 apr\u00e8s une hausse vertigineuse des prix et la d\u00e9cision du gouvernement de lever les subventions sur les prix des carburants.<\/p>\n\n\n\n<p>\u00ab\u00a0<em>\u00c0 bas Bachar al-Assad<\/em>\u00a0\u00bb, ont scand\u00e9 des centaines de personnes rassembl\u00e9es mardi dans le centre de Soueida, chef-lieu de la province \u00e9ponyme, \u00e0 une centaine de kilom\u00e8tres de Damas. La foule brandissait le drapeau des cinq couleurs, embl\u00e8me de la communaut\u00e9 druze issue de l\u2019islam et majoritaire dans cette r\u00e9gion.\u00a0<strong>Les slogans \u00e0 caract\u00e8re social des premiers jours sont d\u00e9sormais r\u00e9solument politiques<\/strong>.<\/p>\n\n\n\n<p>La radicalisation du discours des contestataires s\u2019est accompagn\u00e9e d\u2019un durcissement des actions sur le terrain.&nbsp;Les manifestants ont interdit l\u2019acc\u00e8s aux permanences du parti Baas, au pouvoir en Syrie dans la ville de Soueida, et ont jur\u00e9 d\u2019en faire de m\u00eame dans l\u2019ensemble de la province.&nbsp;<\/p>\n\n\n\n<p>\u00ab<em>&nbsp;Les manifestations ont lieu dans une cinquantaine de points dans la ville, y compris dans le centre,<\/em>&nbsp;d\u00e9taille Bachar Tarabey, militant local et ancien prisonnier politique.<em>&nbsp;Cela va du rassemblement pacifique au blocage des rues, en passant par la paralysie des services du gouvernement ou encore des locaux du Bass. Il y a plusieurs formes de mobilisation et les gens manifestent aussi bien le matin que le soir. On voit beaucoup de monde sortir le soir pour organiser des veill\u00e9es r\u00e9volutionnaires. C&rsquo;est une r\u00e9volte populaire. Elle a l&rsquo;air spontan\u00e9e comme \u00e7a mais elle dit une chose profonde : c&rsquo;est la volont\u00e9 ferme du peuple d&rsquo;en finir avec ce r\u00e9gime. Les revendications sont d&rsquo;abord et avant tout politiques : la fin de ce r\u00e9gime avec tous ses symboles, ses repr\u00e9sentants et son vocabulaire. Nous nous attendons \u00e0 tout de sa part, qu&rsquo;il r\u00e9agisse avec ses forces de s\u00e9curit\u00e9 bien s\u00fbr. Mais nous n&rsquo;avons pas peur de cela. Nous craignons davantage la trahison qui peut venir de nos rangs.&nbsp;<\/em>\u00bb<\/p>\n\n\n\n<p>Des routes sont en outre bloqu\u00e9es par des protestataires dans plusieurs villes et localit\u00e9s de cette r\u00e9gion limitrophe de la Jordanie. Il y a deux jours, une foule en col\u00e8re a br\u00fbl\u00e9 les portraits du pr\u00e9sident Bachar el-Assad suspendus aux fa\u00e7ades de certains b\u00e2timents publics.<\/p>\n\n\n\n<h2 class=\"wp-block-heading\">Des zones o\u00f9 la main de fer du r\u00e9gime s&rsquo;est desserr\u00e9e&nbsp;<\/h2>\n\n\n\n<p>Le mouvement de contestation est soutenu par d\u2019importantes figures religieuses druzes, qui appellent cependant \u00e0 pr\u00e9server son caract\u00e8re pacifique.&nbsp;Aucun incident grave n\u2019a d\u2019ailleurs \u00e9t\u00e9 enregistr\u00e9 depuis le d\u00e9but des manifestations et les forces de l\u2019ordre sont soit absentes, soit \u00e9vitent tout contact avec les manifestants. Historiquement, la communaut\u00e9 druze n\u2019a ni pris les armes contre le r\u00e9gime ni aux c\u00f4t\u00e9s de l\u2019opposition, \u00e0 quelques exceptions pr\u00e8s.<\/p>\n\n\n\n<p>Mais cette fois, la contestation gagne des zones rest\u00e9es largement \u00e0 l&rsquo;\u00e9cart du conflit. Et elle est rendue possible car dans ces zones,&nbsp;depuis quelques ann\u00e9es, le r\u00e9gime a perdu la main sur l&rsquo;appareil s\u00e9curitaire,&nbsp;explique Firas Kontar, Franco-Syrien opposant au r\u00e9gime. \u00ab&nbsp;<em>La main de fer du r\u00e9gime n\u2019est plus pr\u00e9sente \u00e0 Soueida. \u00c0 Deraa, ils ont une certaine libert\u00e9 aussi,&nbsp;<\/em>indique-t-il.<em>&nbsp;Mais dans d\u2019autres localit\u00e9s en revanche, c\u2019est bien plus difficile&nbsp;: \u00e0 Jeramana, la banlieue druze de Damas, il y a eu une manifestation mais tout a \u00e9t\u00e9 quadrill\u00e9.&nbsp;<\/em>\u00bb<\/p>\n\n\n\n<p>Dans d&rsquo;autres zones contr\u00f4l\u00e9es par le r\u00e9gime, les Syriens qui n&rsquo;ont pas la possibilit\u00e9 d&rsquo;aller physiquement manifester&nbsp;envoient des messages de soutien. De Homs, de Lattaqui\u00e9. Des pancartes avec les m\u00eames revendications : en finir avec Bachar el-Assad, continue Firas Kontar. \u00ab&nbsp;<em>Le sentiment de ras-le-bol est tr\u00e8s fort et c&rsquo;est devenu une question existentielle pour les Syriens,<\/em>&nbsp;analyse-t-il.&nbsp;<em>Quand vous voyez les manifestants sortir, parler, ne plus se cacher, dire leur nom ! Et ils le disent : \u00ab\u00a0on ira jusqu&rsquo;au bout, on ne reculera pas\u00a0\u00bb.<\/em>&nbsp;\u00bb&nbsp;<\/p>\n\n\n\n<p>Craignant une contagion de cette col\u00e8re,&nbsp;le r\u00e9gime de Damas a d\u00e9ploy\u00e9 massivement ses forces de s\u00e9curit\u00e9 dans plusieurs localit\u00e9s pr\u00e8s de la capitale syrienne.&nbsp;<\/p>\n\n\n\n<p>Soueida 24, un groupe militant pour partager les informations<\/p>\n\n\n\n<p>Un groupe de militants relaie quotidiennement ces manifestations sur les r\u00e9seaux sociaux. Baptis\u00e9\u00a0<strong>Soueida 24<\/strong>, ils veulent informer sur les \u00e9v\u00e9nements qui ont lieu dans la ville dans un pays o\u00f9 les m\u00e9dias sont contr\u00f4l\u00e9s par le gouvernement. Aujourd&rsquo;hui, Soueida 24 publie de nombreuses vid\u00e9os de la contestation. Mais ce m\u00e9dia militant a \u00e9t\u00e9 lanc\u00e9 en mai 2016. \u00c0 l&rsquo;\u00e9poque, le groupe \u00c9tat islamique s&rsquo;\u00e9tait implant\u00e9 \u00e0 proximit\u00e9 de la ville. Mais pour le r\u00e9gime et les m\u00e9dias officiels, le danger venait des groupes rebelles \u00e0 l&rsquo;Ouest, et ils ne disaient mot de la pr\u00e9sence du groupe terroriste \u00e0 l&rsquo;Est, se souvient Nour Radwan, directeur de Soueida 24.<\/p>\n\n\n\n<p>\u00ab<em>&nbsp;M\u00eame les gens de Soue\u00efda ne savaient pas tout ce qui se passait autour d&rsquo;eux,<\/em>&nbsp;explique-t-il.&nbsp;<em>L&rsquo;\u00c9tat islamique s&rsquo;\u00e9tait implant\u00e9 dans le d\u00e9sert, pr\u00e8s de la ville. Et beaucoup de gens \u00e0 qui j&rsquo;ai parl\u00e9 l&rsquo;ignoraient totalement. Donc je me suis dit que plut\u00f4t que de parler \u00e0 chacun de mes amis de l&rsquo;EI, ce serait mieux d&rsquo;ouvrir un r\u00e9seau local pour que tout le monde puisse savoir.<\/em>&nbsp;\u00bb<\/p>\n\n\n\n<p>Soueida 24, c&rsquo;est un groupe d&rsquo;une quinzaine de personnes. Deux d&rsquo;entre eux sont \u00e0 l&rsquo;\u00e9tranger, les autres vivent sur place. Ils filment, photographient et v\u00e9rifient les informations qu&rsquo;ils envoient aux deux personnes install\u00e9es en Europe. Mais leurs activit\u00e9s les exposent \u00e0 la r\u00e9pression, souligne Nour Radwan, qui s&rsquo;exprime d&rsquo;ailleurs sous pseudonyme. \u00ab&nbsp;<em>Personne ne se conna\u00eet,<\/em>&nbsp;pr\u00e9cise-t-il.&nbsp;<em>Tous ceux qui sont \u00e0 Soueida ne connaissent que moi et mon autre coll\u00e8gue qui est aussi en Europe. C&rsquo;\u00e9tait mon id\u00e9e car j&rsquo;ai \u00e9t\u00e9 militant en Syrie. Et le r\u00e9gime nous arr\u00eatait les uns apr\u00e8s les autres. Quand ils arr\u00eataient quelqu&rsquo;un, ils obtenaient de lui les noms des autres militants.<\/em>&nbsp;\u00bb<\/p>\n\n\n\n<p>En sept ans d&rsquo;existence, Soueida 24 s&rsquo;est impos\u00e9 dans le paysage m\u00e9diatique de la ville. Sa page Facebook est suivie par plus d&rsquo;un demi-million de personnes, dont une majorit\u00e9 de Soueida ou d&rsquo;autres villes contr\u00f4l\u00e9es par le r\u00e9gime.<\/p>\n","protected":false},"excerpt":{"rendered":"<p>Pour le dixi\u00e8me jour cons\u00e9cutif, des centaines de Syriens sont descendus dans la rue mardi \u00e0 Soueida, dans le sud<\/p>\n","protected":false},"author":1,"featured_media":20119,"comment_status":"open","ping_status":"open","sticky":false,"template":"","format":"standard","meta":{"footnotes":""},"categories":[51],"tags":[],"class_list":["post-20118","post","type-post","status-publish","format-standard","has-post-thumbnail","hentry","category-general"],"_links":{"self":[{"href":"https:\/\/dekkbi.com\/index.php?rest_route=\/wp\/v2\/posts\/20118","targetHints":{"allow":["GET"]}}],"collection":[{"href":"https:\/\/dekkbi.com\/index.php?rest_route=\/wp\/v2\/posts"}],"about":[{"href":"https:\/\/dekkbi.com\/index.php?rest_route=\/wp\/v2\/types\/post"}],"author":[{"embeddable":true,"href":"https:\/\/dekkbi.com\/index.php?rest_route=\/wp\/v2\/users\/1"}],"replies":[{"embeddable":true,"href":"https:\/\/dekkbi.com\/index.php?rest_route=%2Fwp%2Fv2%2Fcomments&post=20118"}],"version-history":[{"count":1,"href":"https:\/\/dekkbi.com\/index.php?rest_route=\/wp\/v2\/posts\/20118\/revisions"}],"predecessor-version":[{"id":20120,"href":"https:\/\/dekkbi.com\/index.php?rest_route=\/wp\/v2\/posts\/20118\/revisions\/20120"}],"wp:featuredmedia":[{"embeddable":true,"href":"https:\/\/dekkbi.com\/index.php?rest_route=\/wp\/v2\/media\/20119"}],"wp:attachment":[{"href":"https:\/\/dekkbi.com\/index.php?rest_route=%2Fwp%2Fv2%2Fmedia&parent=20118"}],"wp:term":[{"taxonomy":"category","embeddable":true,"href":"https:\/\/dekkbi.com\/index.php?rest_route=%2Fwp%2Fv2%2Fcategories&post=20118"},{"taxonomy":"post_tag","embeddable":true,"href":"https:\/\/dekkbi.com\/index.php?rest_route=%2Fwp%2Fv2%2Ftags&post=20118"}],"curies":[{"name":"wp","href":"https:\/\/api.w.org\/{rel}","templated":true}]}}