{"id":20115,"date":"2023-08-30T11:00:09","date_gmt":"2023-08-30T11:00:09","guid":{"rendered":"https:\/\/dekkbi.com\/?p=20115"},"modified":"2023-08-30T11:17:25","modified_gmt":"2023-08-30T11:17:25","slug":"france-le-president-macron-rencontre-les-chefs-de-partis-mais-pour-quels-objectifs","status":"publish","type":"post","link":"https:\/\/dekkbi.com\/?p=20115","title":{"rendered":"Macron rencontre les chefs de partis, mais pour quels objectifs?"},"content":{"rendered":"\n<p>Emmanuel Macron rencontre, ce mercredi 30 ao\u00fbt dans l&rsquo;apr\u00e8s-midi, en terrain neutre et symbolique, \u00e0 l&rsquo;\u00e9cole de la L\u00e9gion d&rsquo;honneur de Saint-Denis, les chefs des partis politiques pour essayer de trouver des convergences, dans le cadre de ce qu&rsquo;il a qualifi\u00e9 \u00ab<em>&nbsp;d&rsquo;initiative politique d&rsquo;ampleur&nbsp;<\/em>\u00bb, en pr\u00e9sence d&rsquo;\u00c9lisabeth Borne, des pr\u00e9sidents de l&rsquo;Assembl\u00e9e, du S\u00e9nat et du Conseil constitutionnel. \u00ab&nbsp;<em>Une main tendue loyalement&nbsp;<\/em>\u00bb a \u00e9crit le pr\u00e9sident de la R\u00e9publique dans sa lettre d&rsquo;invitation. Mais l&rsquo;objectif c&rsquo;est aussi de mettre ses opposants au pied du mur<\/p>\n\n\n\n<p>En conviant les chefs de partis \u00e0 venir discuter avec lui sur des sujets prioritaires&nbsp;: les cons\u00e9quences des crises internationales, comment r\u00e9former les institutions, comment faire Nation. Emmanuel Macron veut mettre l&rsquo;opposition face \u00e0 ses responsabilit\u00e9s et prendre les Fran\u00e7ais \u00e0 t\u00e9moin. Dans l&rsquo;entourage du chef de l&rsquo;\u00c9tat, on ne le nie pas, cette main tendue n&rsquo;est donc pas d\u00e9nu\u00e9e d&rsquo;arri\u00e8re-pens\u00e9es politiques.<\/p>\n\n\n\n<p>Apr\u00e8s l&rsquo;\u00e9chec de sa Premi\u00e8re ministre \u00e0 \u00e9largir la majorit\u00e9 relative notamment avec Les R\u00e9publicains (LR) sur la r\u00e9forme des retraites, Emmanuel Macron est toujours \u00e0 la merci du blocage ou de l&rsquo;accident parlementaire, il entre donc dans le jeu personnellement.&nbsp;<\/p>\n\n\n\n<h2 class=\"wp-block-heading\">Rencontre \u00e0 huis clos<\/h2>\n\n\n\n<p>A l&rsquo;\u00c9lys\u00e9e, on insiste d&rsquo;ailleurs sur la mani\u00e8re dont la rencontre va se d\u00e9rouler pour cr\u00e9dibiliser la d\u00e9marche. Les discussions vont avoir lieu \u00e0 huis clos pour \u00ab&nbsp;<em>parler sans tabou<\/em>&nbsp;\u00bb, sans collaborateurs, les yeux dans les yeux pourrait-on dire, avec l&rsquo;espoir affich\u00e9 de cr\u00e9er les conditions pour \u00ab<em>&nbsp;d\u00e9gager des consensus&nbsp;<\/em>\u00bb sur des textes l\u00e9gislatifs ou des r\u00e9f\u00e9rendums.<\/p>\n\n\n\n<p>L&rsquo;ambition est \u00e9nonc\u00e9e, elle rel\u00e8ve du d\u00e9fi. Les chefs des partis d&rsquo;opposition ont d\u00e9j\u00e0 fait part de leur m\u00e9fiance face \u00e0 une rencontre qui pourrait n&rsquo;\u00eatre selon eux qu&rsquo;un \u00ab&nbsp;<em>pi\u00e8ge<\/em>&nbsp;\u00bb.&nbsp;<\/p>\n\n\n\n<h2 class=\"wp-block-heading\">Rencontre \u00e0 huis clos<\/h2>\n\n\n\n<p>A l&rsquo;\u00c9lys\u00e9e, on insiste d&rsquo;ailleurs sur la mani\u00e8re dont la rencontre va se d\u00e9rouler pour cr\u00e9dibiliser la d\u00e9marche. Les discussions vont avoir lieu \u00e0 huis clos pour \u00ab&nbsp;<em>parler sans tabou<\/em>&nbsp;\u00bb, sans collaborateurs, les yeux dans les yeux pourrait-on dire, avec l&rsquo;espoir affich\u00e9 de cr\u00e9er les conditions pour \u00ab<em>&nbsp;d\u00e9gager des consensus&nbsp;<\/em>\u00bb sur des textes l\u00e9gislatifs ou des r\u00e9f\u00e9rendums.<\/p>\n\n\n\n<p>L&rsquo;ambition est \u00e9nonc\u00e9e, elle rel\u00e8ve du d\u00e9fi. Les chefs des partis d&rsquo;opposition ont d\u00e9j\u00e0 fait part de leur m\u00e9fiance face \u00e0 une rencontre qui pourrait n&rsquo;\u00eatre selon eux qu&rsquo;un \u00ab&nbsp;<em>pi\u00e8ge<\/em>&nbsp;\u00bb.&nbsp;<\/p>\n","protected":false},"excerpt":{"rendered":"<p>Emmanuel Macron rencontre, ce mercredi 30 ao\u00fbt dans l&rsquo;apr\u00e8s-midi, en terrain neutre et symbolique, \u00e0 l&rsquo;\u00e9cole de la L\u00e9gion d&rsquo;honneur<\/p>\n","protected":false},"author":1,"featured_media":20116,"comment_status":"open","ping_status":"open","sticky":false,"template":"","format":"standard","meta":{"footnotes":""},"categories":[51],"tags":[],"class_list":["post-20115","post","type-post","status-publish","format-standard","has-post-thumbnail","hentry","category-general"],"_links":{"self":[{"href":"https:\/\/dekkbi.com\/index.php?rest_route=\/wp\/v2\/posts\/20115","targetHints":{"allow":["GET"]}}],"collection":[{"href":"https:\/\/dekkbi.com\/index.php?rest_route=\/wp\/v2\/posts"}],"about":[{"href":"https:\/\/dekkbi.com\/index.php?rest_route=\/wp\/v2\/types\/post"}],"author":[{"embeddable":true,"href":"https:\/\/dekkbi.com\/index.php?rest_route=\/wp\/v2\/users\/1"}],"replies":[{"embeddable":true,"href":"https:\/\/dekkbi.com\/index.php?rest_route=%2Fwp%2Fv2%2Fcomments&post=20115"}],"version-history":[{"count":2,"href":"https:\/\/dekkbi.com\/index.php?rest_route=\/wp\/v2\/posts\/20115\/revisions"}],"predecessor-version":[{"id":20127,"href":"https:\/\/dekkbi.com\/index.php?rest_route=\/wp\/v2\/posts\/20115\/revisions\/20127"}],"wp:featuredmedia":[{"embeddable":true,"href":"https:\/\/dekkbi.com\/index.php?rest_route=\/wp\/v2\/media\/20116"}],"wp:attachment":[{"href":"https:\/\/dekkbi.com\/index.php?rest_route=%2Fwp%2Fv2%2Fmedia&parent=20115"}],"wp:term":[{"taxonomy":"category","embeddable":true,"href":"https:\/\/dekkbi.com\/index.php?rest_route=%2Fwp%2Fv2%2Fcategories&post=20115"},{"taxonomy":"post_tag","embeddable":true,"href":"https:\/\/dekkbi.com\/index.php?rest_route=%2Fwp%2Fv2%2Ftags&post=20115"}],"curies":[{"name":"wp","href":"https:\/\/api.w.org\/{rel}","templated":true}]}}