{"id":20060,"date":"2023-08-29T12:19:00","date_gmt":"2023-08-29T12:19:00","guid":{"rendered":"https:\/\/dekkbi.com\/?p=20060"},"modified":"2023-08-29T12:19:01","modified_gmt":"2023-08-29T12:19:01","slug":"pressions-electorales-en-2020-cette-affaire-et-celle-de-georgie-sont-de-loin-les-plus-dommageables-pour-trump","status":"publish","type":"post","link":"https:\/\/dekkbi.com\/?p=20060","title":{"rendered":"Pressions \u00e9lectorales en 2020: \u00abCette affaire et celle de G\u00e9orgie sont de loin les plus dommageables pour Trump\u00bb"},"content":{"rendered":"\n<p>La date est fix\u00e9e\u00a0: Donald Trump sera jug\u00e9 \u00e0 partir du 4 mars prochain, en pleine campagne \u00e9lectorale. L&rsquo;ancien pr\u00e9sident devra s&rsquo;expliquer devant un tribunal f\u00e9d\u00e9ral de Washington sur ses tentatives d&rsquo;inverser le r\u00e9sultat de l&rsquo;\u00e9lection pr\u00e9sidentielle de 2020, qui a vu la victoire de Joe Biden.\u00a0<\/p>\n\n\n\n<p>Lauric Henneton, sp\u00e9cialiste de l&rsquo;histoire et de la civilisation am\u00e9ricaine et auteur d&rsquo;un livre intitul\u00e9&nbsp;<em>Le r\u00eave am\u00e9ricain \u00e0 l&rsquo;\u00e9preuve de Donald Trump,<\/em>&nbsp;revient sur 2024, qui s&rsquo;annonce comme une&nbsp;<em>annus horribilis<\/em>&nbsp;pour Trump, puisqu&rsquo;il sera impliqu\u00e9 dans plusieurs autres proc\u00e8s en pleine campagne \u00e9lectorale. Entretien.<\/p>\n\n\n\n<p><strong>RFI : Jusqu&rsquo;ici, Donald Trump a surf\u00e9 sur ses d\u00e9boires judiciaires. Mais cette fois-ci, on a vu ses avocats tout faire pour repousser la date du proc\u00e8s. Est-ce que cette affaire inqui\u00e8te plus le camp Trump que les pr\u00e9c\u00e9dentes ?<\/strong><\/p>\n\n\n\n<p><strong>Lauric Henneton<\/strong>\u00a0: Celle-ci et l\u2019affaire de G\u00e9orgie, pour laquelle on n\u2019a pas encore de date de proc\u00e8s, sont de loin les plus importantes et les plus dommageables pour Donald Trump. D\u2019ailleurs, ce n\u2019est pas que les autres ne sont pas importantes, mais comparativement, ce n\u2019est vraiment pas la m\u00eame division si on veut. Donc l\u00e0, c\u2019est vrai que \u00e7a commence \u00e0 \u00eatre particuli\u00e8rement ennuyeux. Ce qu\u2019il faut bien voir, c\u2019est que le d\u00e9but du proc\u00e8s n\u2019est pas la condamnation, donc cela restera de l\u2019ordre de l\u2019\u00e9v\u00e9nement m\u00e9diatique. Ce que vous disiez est vrai\u00a0: il a tir\u00e9 profit, litt\u00e9ralement, des mises en accusation. L\u00e0, on sera dans quelque chose de diff\u00e9rent. Il pourra difficilement r\u00e9it\u00e9rer les lev\u00e9es de fonds qu\u2019il a pu faire, parce qu\u2019il n\u2019y a plus vraiment l\u2019\u00e9l\u00e9ment de nouveaut\u00e9.<\/p>\n\n\n\n<p><strong>Ce jugement est pr\u00e9vu \u00e0 la veille du \u00ab&nbsp;<em>Super Tuesday<\/em>&nbsp;\u00bb, alors que le processus des primaires sera bien avanc\u00e9. Ce proc\u00e8s peut-il le servir ou le desservir ?<\/strong><\/p>\n\n\n\n<p>Ni l\u2019un ni l\u2019autre. Car ce n\u2019est pas un jugement, c\u2019est le d\u00e9but du proc\u00e8s. Donc, comme je disais, ce sera un \u00e9v\u00e9nement m\u00e9diatique et pas encore un \u00e9v\u00e9nement judiciaire. Ce sera une sorte de petit th\u00e9\u00e2tre qui va faire beaucoup de mousse, de grands titres, de la couverture m\u00e9diatique, mais il n\u2019y aura rien de v\u00e9ritablement&nbsp;jug\u00e9. Il n\u2019y aura pas de condamnation le 4 mars. Il y a deux sc\u00e9narios&nbsp;: soit il est d\u00e9j\u00e0 bien avanc\u00e9 vers la qualification, parce qu\u2019il a dans les pr\u00e9c\u00e9dents caucus et primaires \u2013 Iowa, New Hampshire, Nevada \u2013 d\u00e9j\u00e0 emport\u00e9 l\u2019essentiel. Et donc, peu importe finalement ce qui se passe, il a d\u00e9j\u00e0 assur\u00e9 l\u2019essentiel&nbsp;; ou alors, on a quelque chose d\u2019un peu plus inattendu o\u00f9 il est plus en difficult\u00e9, et l\u00e0, il pourrait y avoir quelque chose de l\u2019ordre du rebattage de cartes. Mais le probl\u00e8me, \u00e0 ce stade, c\u2019est qu\u2019il y a \u00e9norm\u00e9ment de candidats r\u00e9publicains et l\u2019offre anti-Trump ou non-Trump est tr\u00e8s fragment\u00e9e. Donc, il faudrait voir d\u2019ici d\u00e9but mars combien de r\u00e9publicains restent en course et comment tout cela s\u2019agence. C\u2019est vraiment essentiel et, pour l\u2019instant, on n\u2019a aucune id\u00e9e.<\/p>\n\n\n\n<p><strong>Quelles r\u00e9actions peut-on attendre des avocats de Trump aujourd\u2019hui ? Est-ce qu\u2019il leur reste des recours&nbsp;?<\/strong><\/p>\n\n\n\n<p>Tr\u00e8s simplement, ils vont essayer de faire tout ce qui est en leur pouvoir pour intenter des man\u0153uvres dilatoires : soit techniques \u2013 pour les diff\u00e9rents proc\u00e8s, parce qu&rsquo;en mars, il y en a au moins deux, peut-\u00eatre trois avec la G\u00e9orgie \u2013, soit politique, c&rsquo;est-\u00e0-dire de dire que \u00e7a interf\u00e8re avec le processus \u00e9lectoral. Mais la juge, par exemple, a dit qu\u2019elle jugerait Trump malgr\u00e9 son calendrier professionnel comme elle jugerait un athl\u00e8te ind\u00e9pendamment des comp\u00e9titions dans lesquelles il serait impliqu\u00e9. L\u00e0, on a d\u00e9j\u00e0, de la part d\u2019au moins une juge \u2013 c\u2019est tr\u00e8s int\u00e9ressant \u2013, une r\u00e9flexion avanc\u00e9e sur cette th\u00e9matique de la justice dans la d\u00e9mocratie.<\/p>\n\n\n\n<p><\/p>\n","protected":false},"excerpt":{"rendered":"<p>La date est fix\u00e9e\u00a0: Donald Trump sera jug\u00e9 \u00e0 partir du 4 mars prochain, en pleine campagne \u00e9lectorale. L&rsquo;ancien pr\u00e9sident<\/p>\n","protected":false},"author":1,"featured_media":19991,"comment_status":"open","ping_status":"open","sticky":false,"template":"","format":"standard","meta":{"footnotes":""},"categories":[6],"tags":[],"class_list":["post-20060","post","type-post","status-publish","format-standard","has-post-thumbnail","hentry","category-politics"],"_links":{"self":[{"href":"https:\/\/dekkbi.com\/index.php?rest_route=\/wp\/v2\/posts\/20060","targetHints":{"allow":["GET"]}}],"collection":[{"href":"https:\/\/dekkbi.com\/index.php?rest_route=\/wp\/v2\/posts"}],"about":[{"href":"https:\/\/dekkbi.com\/index.php?rest_route=\/wp\/v2\/types\/post"}],"author":[{"embeddable":true,"href":"https:\/\/dekkbi.com\/index.php?rest_route=\/wp\/v2\/users\/1"}],"replies":[{"embeddable":true,"href":"https:\/\/dekkbi.com\/index.php?rest_route=%2Fwp%2Fv2%2Fcomments&post=20060"}],"version-history":[{"count":1,"href":"https:\/\/dekkbi.com\/index.php?rest_route=\/wp\/v2\/posts\/20060\/revisions"}],"predecessor-version":[{"id":20061,"href":"https:\/\/dekkbi.com\/index.php?rest_route=\/wp\/v2\/posts\/20060\/revisions\/20061"}],"wp:featuredmedia":[{"embeddable":true,"href":"https:\/\/dekkbi.com\/index.php?rest_route=\/wp\/v2\/media\/19991"}],"wp:attachment":[{"href":"https:\/\/dekkbi.com\/index.php?rest_route=%2Fwp%2Fv2%2Fmedia&parent=20060"}],"wp:term":[{"taxonomy":"category","embeddable":true,"href":"https:\/\/dekkbi.com\/index.php?rest_route=%2Fwp%2Fv2%2Fcategories&post=20060"},{"taxonomy":"post_tag","embeddable":true,"href":"https:\/\/dekkbi.com\/index.php?rest_route=%2Fwp%2Fv2%2Ftags&post=20060"}],"curies":[{"name":"wp","href":"https:\/\/api.w.org\/{rel}","templated":true}]}}