{"id":20032,"date":"2023-08-29T11:44:41","date_gmt":"2023-08-29T11:44:41","guid":{"rendered":"https:\/\/dekkbi.com\/?p=20032"},"modified":"2023-08-29T12:17:01","modified_gmt":"2023-08-29T12:17:01","slug":"les-enseignants-liberaux-sur-leur-candidat-karim-est-de-nationalite-exclusivement-senegalaise","status":"publish","type":"post","link":"https:\/\/dekkbi.com\/?p=20032","title":{"rendered":"Les enseignants lib\u00e9raux sur leur candidat: \u00abKarim est de nationalit\u00e9 exclusivement s\u00e9n\u00e9galaise\u00bb"},"content":{"rendered":"\n<p><strong>Par Dieynaba KANE \u2013&nbsp;<\/strong>Le d\u00e9bat sur la nationalit\u00e9 de Karim Wade n\u2019a pas sa raison d\u2019\u00eatre. C\u2019est en tout cas ce que le Secr\u00e9tariat national des enseignants lib\u00e9raux a fait savoir en substance dans un communiqu\u00e9. Ces militants du Pds ont tenu \u00e0 pr\u00e9ciser que leur candidat \u00e0 la Pr\u00e9sidentielle de 2024 \u00abest &nbsp;pr\u00e9sentement de nationalit\u00e9 exclusivement s\u00e9n\u00e9galaise\u00bb.<\/p>\n\n\n\n<p><br>Voulant montrer que rien ne peut emp\u00eacher Karim Wade de se pr\u00e9senter \u00e0 la prochaine \u00e9lection, les enseignants lib\u00e9raux soutiennent qu\u2019il \u00abest en r\u00e8gle avec le fisc avec l\u2019obtention d\u2019un quitus fiscal en 2019, ann\u00e9e depuis laquelle il n\u2019a exerc\u00e9 aucune activit\u00e9 professionnelle sur le territoire national\u00bb. Dans la m\u00eame veine, ils ont rappel\u00e9 que le fils du Pr\u00e9sident Abdoulaye Wade \u00abn\u2019est nullement concern\u00e9 par les modifications du Code \u00e9lectoral issues du dernier dialogue national, car il est redevenu \u00e9lecteur et \u00e9ligible depuis le 20 ao\u00fbt 2020\u00bb.<\/p>\n\n\n\n<p><br>Par ailleurs, le Secr\u00e9tariat national des enseignants lib\u00e9raux indique dans son document que \u00ables douze ann\u00e9es du r\u00e9gime du Pr\u00e9sident Macky Sall ont fini d\u2019installer dans notre cher pays, un recul d\u00e9mocratique, une paup\u00e9risation accrue de la population, un ch\u00f4mage accentu\u00e9 des jeunes, une instrumentalisation de la justice \u00e0 des fins politiques et une mauvaise gestion des ressources naturelles malgr\u00e9 une forte potentialit\u00e9\u00bb.<\/p>\n\n\n\n<p><br>Analysant la situation, ces enseignants lib\u00e9raux soulignent que \u00abdans un tel contexte de d\u00e9sarroi total, la seule planche de salut qui s\u2019offre aux jeunes dont le pr\u00e9sent n\u2019offre aucune perspective rassurante, est de se lancer sur les routes insidieuses de l\u2019aventure, dans des embarcations d\u2019infortune, au p\u00e9ril de leur vie\u00bb. Pour renverser cette tendance, les enseignants lib\u00e9raux appellent les populations \u00e0 faire confiance \u00e0 leur candidat.<\/p>\n\n\n\n<p><br>\u00abAu regard des potentialit\u00e9s \u00e9normes dont regorge notre pays et du g\u00e9nie de son Peuple, les enseignants lib\u00e9raux appellent les S\u00e9n\u00e9galaises et les S\u00e9n\u00e9galais \u00e0 croire \u00e0 un avenir plus prometteur avec surtout le retour imminent du Pr\u00e9sident Karim Wade dont le leadership confirm\u00e9, la vision \u00e9clair\u00e9e et les comp\u00e9tences av\u00e9r\u00e9es dans la gestion des affaires de l\u2019Etat ont fini de convaincre qu\u2019il est le seul mod\u00e8le alternatif qui soit capable de sortir le S\u00e9n\u00e9gal de l\u2019orni\u00e8re\u00bb, ont-ils d\u00e9clar\u00e9. Et d\u2019ajouter : \u00abCela passera immanquablement par la r\u00e9conciliation nationale, des r\u00e9formes hardies dans le syst\u00e8me judiciaire, la ren\u00e9gociation des contrats p\u00e9troliers et gaziers, la red\u00e9finition des outils de planification du d\u00e9veloppement \u00e9conomique et social du pays, etc.\u00bb<\/p>\n\n\n\n<p><br>Pour le Secr\u00e9tariat national des enseignants lib\u00e9raux, \u00abces raisons sont largement suffisantes pour faire du fr\u00e8re Karim Me\u00efssa Wade le candidat du Pds \u00e0 l\u2019\u00e9lection pr\u00e9sidentielle de f\u00e9vrier 2024\u00bb.<\/p>\n\n\n\n<p><br><strong>dkane@lequotidien.sn<\/strong><\/p>\n","protected":false},"excerpt":{"rendered":"<p>Par Dieynaba KANE \u2013&nbsp;Le d\u00e9bat sur la nationalit\u00e9 de Karim Wade n\u2019a pas sa raison d\u2019\u00eatre. C\u2019est en tout cas<\/p>\n","protected":false},"author":1,"featured_media":20058,"comment_status":"open","ping_status":"open","sticky":false,"template":"","format":"standard","meta":{"footnotes":""},"categories":[6],"tags":[],"class_list":["post-20032","post","type-post","status-publish","format-standard","has-post-thumbnail","hentry","category-politics"],"_links":{"self":[{"href":"https:\/\/dekkbi.com\/index.php?rest_route=\/wp\/v2\/posts\/20032","targetHints":{"allow":["GET"]}}],"collection":[{"href":"https:\/\/dekkbi.com\/index.php?rest_route=\/wp\/v2\/posts"}],"about":[{"href":"https:\/\/dekkbi.com\/index.php?rest_route=\/wp\/v2\/types\/post"}],"author":[{"embeddable":true,"href":"https:\/\/dekkbi.com\/index.php?rest_route=\/wp\/v2\/users\/1"}],"replies":[{"embeddable":true,"href":"https:\/\/dekkbi.com\/index.php?rest_route=%2Fwp%2Fv2%2Fcomments&post=20032"}],"version-history":[{"count":2,"href":"https:\/\/dekkbi.com\/index.php?rest_route=\/wp\/v2\/posts\/20032\/revisions"}],"predecessor-version":[{"id":20059,"href":"https:\/\/dekkbi.com\/index.php?rest_route=\/wp\/v2\/posts\/20032\/revisions\/20059"}],"wp:featuredmedia":[{"embeddable":true,"href":"https:\/\/dekkbi.com\/index.php?rest_route=\/wp\/v2\/media\/20058"}],"wp:attachment":[{"href":"https:\/\/dekkbi.com\/index.php?rest_route=%2Fwp%2Fv2%2Fmedia&parent=20032"}],"wp:term":[{"taxonomy":"category","embeddable":true,"href":"https:\/\/dekkbi.com\/index.php?rest_route=%2Fwp%2Fv2%2Fcategories&post=20032"},{"taxonomy":"post_tag","embeddable":true,"href":"https:\/\/dekkbi.com\/index.php?rest_route=%2Fwp%2Fv2%2Ftags&post=20032"}],"curies":[{"name":"wp","href":"https:\/\/api.w.org\/{rel}","templated":true}]}}