{"id":20028,"date":"2023-08-29T11:41:08","date_gmt":"2023-08-29T11:41:08","guid":{"rendered":"https:\/\/dekkbi.com\/?p=20028"},"modified":"2023-08-29T11:41:34","modified_gmt":"2023-08-29T11:41:34","slug":"magal-le-president-macky-sall-attendu-a-touba-jeudi","status":"publish","type":"post","link":"https:\/\/dekkbi.com\/?p=20028","title":{"rendered":"Magal: le pr\u00e9sident Macky Sall attendu \u00e0 Touba, jeudi"},"content":{"rendered":"\n<p>Touba, 29 ao\u00fbt (APS) \u2013 Le pr\u00e9sident Macky Sall est attendu \u00e0 Touba, jeudi, dans l\u2019apr\u00e8s-midi, pour une visite de courtoisie chez le Khalife g\u00e9n\u00e9ral des mourides, en pr\u00e9lude du Magal, a appris l\u2019APS.<\/p>\n\n\n\n<p>Grand \u00e9v\u00e9nement religieux comm\u00e9morant le d\u00e9part en exil au Gabon du fondateur de la confr\u00e9rie mouride, Cheikh Ahmadou Bamba (1853-1927), la 129e \u00e9dition du Magal de Touba , sera c\u00e9l\u00e9br\u00e9e lundi prochain correspondant au 18e jour du mois lunaire Safar 1445h.<\/p>\n\n\n\n<p>CGD\/MK\/OID<\/p>\n\n\n\n<p><\/p>\n","protected":false},"excerpt":{"rendered":"<p>Touba, 29 ao\u00fbt (APS) \u2013 Le pr\u00e9sident Macky Sall est attendu \u00e0 Touba, jeudi, dans l\u2019apr\u00e8s-midi, pour une visite de<\/p>\n","protected":false},"author":1,"featured_media":20029,"comment_status":"open","ping_status":"open","sticky":false,"template":"","format":"standard","meta":{"footnotes":""},"categories":[6],"tags":[],"class_list":["post-20028","post","type-post","status-publish","format-standard","has-post-thumbnail","hentry","category-politics"],"_links":{"self":[{"href":"https:\/\/dekkbi.com\/index.php?rest_route=\/wp\/v2\/posts\/20028","targetHints":{"allow":["GET"]}}],"collection":[{"href":"https:\/\/dekkbi.com\/index.php?rest_route=\/wp\/v2\/posts"}],"about":[{"href":"https:\/\/dekkbi.com\/index.php?rest_route=\/wp\/v2\/types\/post"}],"author":[{"embeddable":true,"href":"https:\/\/dekkbi.com\/index.php?rest_route=\/wp\/v2\/users\/1"}],"replies":[{"embeddable":true,"href":"https:\/\/dekkbi.com\/index.php?rest_route=%2Fwp%2Fv2%2Fcomments&post=20028"}],"version-history":[{"count":2,"href":"https:\/\/dekkbi.com\/index.php?rest_route=\/wp\/v2\/posts\/20028\/revisions"}],"predecessor-version":[{"id":20031,"href":"https:\/\/dekkbi.com\/index.php?rest_route=\/wp\/v2\/posts\/20028\/revisions\/20031"}],"wp:featuredmedia":[{"embeddable":true,"href":"https:\/\/dekkbi.com\/index.php?rest_route=\/wp\/v2\/media\/20029"}],"wp:attachment":[{"href":"https:\/\/dekkbi.com\/index.php?rest_route=%2Fwp%2Fv2%2Fmedia&parent=20028"}],"wp:term":[{"taxonomy":"category","embeddable":true,"href":"https:\/\/dekkbi.com\/index.php?rest_route=%2Fwp%2Fv2%2Fcategories&post=20028"},{"taxonomy":"post_tag","embeddable":true,"href":"https:\/\/dekkbi.com\/index.php?rest_route=%2Fwp%2Fv2%2Ftags&post=20028"}],"curies":[{"name":"wp","href":"https:\/\/api.w.org\/{rel}","templated":true}]}}