{"id":20024,"date":"2023-08-29T11:38:20","date_gmt":"2023-08-29T11:38:20","guid":{"rendered":"https:\/\/dekkbi.com\/?p=20024"},"modified":"2023-08-29T11:53:04","modified_gmt":"2023-08-29T11:53:04","slug":"citoyennete-et-defis-securitaires-la-zone-militaire-n5-organise-des-camps-du-19-au-22-septembre","status":"publish","type":"post","link":"https:\/\/dekkbi.com\/?p=20024","title":{"rendered":"Citoyennet\u00e9 et d\u00e9fis s\u00e9curitaires"},"content":{"rendered":"\n<p class=\"has-medium-font-size\">: La Zone militaire n\u00b05 organise des camps du 19 au 22 septembre<\/p>\n\n\n\n<p><\/p>\n\n\n\n<p><strong>Par Khady SONKO \u2013&nbsp;<\/strong>La Zone militaire n\u00b05 pr\u00e9pare des camps citoyens \u00e0 Ziguinchor. La premi\u00e8re \u00e9dition de cet \u00e9v\u00e9nement aura lieu du 19 au 22 septembre prochain au profit de jeunes S\u00e9n\u00e9galais.<br>\u00abCes camps citoyens visent \u00e0 offrir un cadre d\u2019initiation \u00e0 des activit\u00e9s tournant autour de la citoyennet\u00e9 et des d\u00e9fis s\u00e9curitaires actuels\u00bb, renseigne un communiqu\u00e9 de la Zone militaire n\u00b05. Ce rendez-vous sera aussi une occasion de contact direct avec la communaut\u00e9 militaire et de d\u00e9couvrir les opportunit\u00e9s professionnelles qu\u2019offrent les Arm\u00e9es. La s\u00e9lection pour participer \u00e0 cet \u00e9v\u00e9nement sera bas\u00e9e sur le volontariat et concerne les jeunes S\u00e9n\u00e9galais, tous sexes confondus, \u00e2g\u00e9s de 15 \u00e0 20 ans. Les inscriptions d\u00e9j\u00e0 en cours s\u2019arr\u00eateront le 7 septembre prochain.<br>\u00abElles se d\u00e9roulent au bureau de garnison de la Zone militaire n\u00b05\u00bb, indique le communiqu\u00e9. Pour s\u2019inscrire, les int\u00e9ress\u00e9s doivent se munir de leur pi\u00e8ce d\u2019identit\u00e9 nationale ou d\u2019un extrait d\u2019acte de naissance et d\u2019une autorisation parentale pour ceux ou celles qui ont moins de 18 ans. \u00abLes inscrits et retenus ne seront d\u00e9finitivement accept\u00e9s qu\u2019apr\u00e8s la d\u00e9livrance d\u2019un certificat d\u2019aptitude m\u00e9dical \u00e9tabli par un m\u00e9decin militaire\u00bb, pr\u00e9cise le communiqu\u00e9.<br><strong>ksonko@lequotidien.sn<\/strong><\/p>\n","protected":false},"excerpt":{"rendered":"<p>: La Zone militaire n\u00b05 organise des camps du 19 au 22 septembre Par Khady SONKO \u2013&nbsp;La Zone militaire n\u00b05<\/p>\n","protected":false},"author":1,"featured_media":20025,"comment_status":"open","ping_status":"open","sticky":false,"template":"","format":"standard","meta":{"footnotes":""},"categories":[21],"tags":[],"class_list":["post-20024","post","type-post","status-publish","format-standard","has-post-thumbnail","hentry","category-societe"],"_links":{"self":[{"href":"https:\/\/dekkbi.com\/index.php?rest_route=\/wp\/v2\/posts\/20024","targetHints":{"allow":["GET"]}}],"collection":[{"href":"https:\/\/dekkbi.com\/index.php?rest_route=\/wp\/v2\/posts"}],"about":[{"href":"https:\/\/dekkbi.com\/index.php?rest_route=\/wp\/v2\/types\/post"}],"author":[{"embeddable":true,"href":"https:\/\/dekkbi.com\/index.php?rest_route=\/wp\/v2\/users\/1"}],"replies":[{"embeddable":true,"href":"https:\/\/dekkbi.com\/index.php?rest_route=%2Fwp%2Fv2%2Fcomments&post=20024"}],"version-history":[{"count":2,"href":"https:\/\/dekkbi.com\/index.php?rest_route=\/wp\/v2\/posts\/20024\/revisions"}],"predecessor-version":[{"id":20038,"href":"https:\/\/dekkbi.com\/index.php?rest_route=\/wp\/v2\/posts\/20024\/revisions\/20038"}],"wp:featuredmedia":[{"embeddable":true,"href":"https:\/\/dekkbi.com\/index.php?rest_route=\/wp\/v2\/media\/20025"}],"wp:attachment":[{"href":"https:\/\/dekkbi.com\/index.php?rest_route=%2Fwp%2Fv2%2Fmedia&parent=20024"}],"wp:term":[{"taxonomy":"category","embeddable":true,"href":"https:\/\/dekkbi.com\/index.php?rest_route=%2Fwp%2Fv2%2Fcategories&post=20024"},{"taxonomy":"post_tag","embeddable":true,"href":"https:\/\/dekkbi.com\/index.php?rest_route=%2Fwp%2Fv2%2Ftags&post=20024"}],"curies":[{"name":"wp","href":"https:\/\/api.w.org\/{rel}","templated":true}]}}