{"id":20021,"date":"2023-08-29T11:32:21","date_gmt":"2023-08-29T11:32:21","guid":{"rendered":"https:\/\/dekkbi.com\/?p=20021"},"modified":"2023-08-29T12:03:23","modified_gmt":"2023-08-29T12:03:23","slug":"anambe-contre-la-divagation-des-animaux-dans-les-rizieres-du-secteur-g-le-gie-agro-beydaare-senegal-met-en-place-une-haie-vive-de-11000-epineux","status":"publish","type":"post","link":"https:\/\/dekkbi.com\/?p=20021","title":{"rendered":"Anambe \u2013 Contre la divagation des animaux dans les rizi\u00e8res du secteur G"},"content":{"rendered":"\n<p>: Le Gie Agro Beydaar\u00e9-S\u00e9n\u00e9gal met en place une haie vive de 11000 \u00e9pineux<\/p>\n\n\n\n<p><strong>Par Abdoulaye KAMARA \u2013&nbsp;<\/strong>\u00ab50% des plaintes concernant la destruction des cultures que nous recevons au niveau de la sous-pr\u00e9fecture proviennent du secteur G du bassin de l\u2019Anamb\u00e9.\u00bb C\u2019est la r\u00e9v\u00e9lation faite par l\u2019adjoint au sous-pr\u00e9fet de l\u2019arrondissement de Sar\u00e9 Coly Sall\u00e9, samedi pass\u00e9, \u00e0 la c\u00e9r\u00e9monie de lancement des activit\u00e9s de reboisement initi\u00e9es par le Gie Agro Beydaar\u00e9 dans le secteur G du bassin de l\u2019Anamb\u00e9, dans le d\u00e9partement de V\u00e9lingara. Amadou Sow affirmait ainsi, avec force conviction, toute la pertinence de l\u2019initiative de ce Gie, enfant\u00e9 par le projet Tiers sud Beydaar\u00e9, qui entend ceinturer le secteur d\u2019une haie vive d\u2019\u00e9pineux appel\u00e9s acacia melifera. Pour \u00e9loigner les animaux des productions agricoles en g\u00e9n\u00e9ral, rizicole en particulier. Apr\u00e8s ces mots, quelque 300 jeunes (gar\u00e7ons et filles) et femmes issus des associations sportives et cultures, des conseils locaux de jeunesse, des groupements de femmes et des associations de producteurs ont pris pioches, pelles, houes et arrosoirs pour mettre en terre 6000 plants de l\u2019\u00e9pineux acacia melifera. <\/p>\n\n\n\n<p><\/p>\n\n\n\n<p>Ce sera sur un lin\u00e9aire de 5 km de part et d\u2019autre du secteur G que les communes de Kandiaye, Kandia et Sar\u00e9 Coly Sall\u00e9 ont en partage. A terme, \u00abcette haie vive va ramener de la stabilit\u00e9 dans le secteur au profit des producteurs, des \u00e9leveurs et des autorit\u00e9s administratives et locales\u00bb, a dit le Pdg du Gie, Mahamadou Tidiane Diallo. Il donne plus de pr\u00e9cisions&nbsp;: \u00abEn fait, pour l\u2019activit\u00e9 d\u2019aujourd\u2019hui, il s\u2019agit de planter 6000 acacia melifera aux fins de renforcer les 5000 plants mis en terre l\u2019an dernier. Nous avons connu 40% de cas de mortalit\u00e9. Nous venons renforcer les espaces laiss\u00e9s vides par les \u00e9checs et \u00e9toffer les espaces laiss\u00e9s en rade.&nbsp; <\/p>\n\n\n\n<p>Les plants de l\u2019an pass\u00e9 \u00e9taient visibles sur place, indiquant aux jeunes planteurs du samedi les espaces vides \u00e0 repeupler en acacia.\u00bb Ces \u00e9pineux, \u00aben plus de prot\u00e9ger les productions, auront la magie de r\u00e9g\u00e9n\u00e9rer le tapis herbac\u00e9\u00bb, a not\u00e9 le sous-pr\u00e9fet Sow qui a ajout\u00e9 une pri\u00e8re&nbsp;: \u00abNous souhaitons que cette initiative soit \u00e9tendue \u00e0 tous les autres secteurs qui connaissent \u00e9galement des cas de divagation d\u2019animaux, d\u00e9truisant les cultures.&nbsp;\u00bb<\/p>\n\n\n\n<p><br>La r\u00e9ussite des activit\u00e9s de production agricole dans l\u2019Anamb\u00e9, par l\u2019\u00e9limination de tous les facteurs d\u2019\u00e9checs, pourrait constituer le phare qui va \u00e9clairer la voie \u00e0 suivre pour l\u2019atteinte de la s\u00e9curit\u00e9 alimentaire et contre l\u2019\u00e9migration irr\u00e9guli\u00e8re. \u00abMontrer aux jeunes qu\u2019il est possible de travailler et de r\u00e9ussir chez soi par l\u2019agriculture\u00bb, a tranch\u00e9 le Pdg de Agro Beydaar\u00e9, Mahamadou Tidiane Diallo, qui a plaid\u00e9 pour que l\u2019Etat accorde plus de faveurs aux jeunes agriculteurs en leur octroyant du mat\u00e9riel agricole et des intrants.<\/p>\n\n\n\n<p><br>A rappeler que le Gie Agro Beydaar\u00e9-S\u00e9n\u00e9gal est cr\u00e9\u00e9 par le projet Tiers sud Beydaare qui accompagne la Sodagri (Soci\u00e9t\u00e9 de d\u00e9veloppement agricole et industriel du S\u00e9n\u00e9gal) dans le d\u00e9veloppement des politiques agricoles du S\u00e9n\u00e9gal. Le projet Tiers sud Beydaar\u00e9 a obtenu l\u2019appui financier de l\u2019Union europ\u00e9enne et de l\u2019Agence fran\u00e7aise de d\u00e9veloppement (Afd).<\/p>\n\n\n\n<p>LEQUOTIDIEN<\/p>\n","protected":false},"excerpt":{"rendered":"<p>: Le Gie Agro Beydaar\u00e9-S\u00e9n\u00e9gal met en place une haie vive de 11000 \u00e9pineux Par Abdoulaye KAMARA \u2013&nbsp;\u00ab50% des plaintes<\/p>\n","protected":false},"author":1,"featured_media":20022,"comment_status":"open","ping_status":"open","sticky":false,"template":"","format":"standard","meta":{"footnotes":""},"categories":[3],"tags":[],"class_list":["post-20021","post","type-post","status-publish","format-standard","has-post-thumbnail","hentry","category-event-more-news"],"_links":{"self":[{"href":"https:\/\/dekkbi.com\/index.php?rest_route=\/wp\/v2\/posts\/20021","targetHints":{"allow":["GET"]}}],"collection":[{"href":"https:\/\/dekkbi.com\/index.php?rest_route=\/wp\/v2\/posts"}],"about":[{"href":"https:\/\/dekkbi.com\/index.php?rest_route=\/wp\/v2\/types\/post"}],"author":[{"embeddable":true,"href":"https:\/\/dekkbi.com\/index.php?rest_route=\/wp\/v2\/users\/1"}],"replies":[{"embeddable":true,"href":"https:\/\/dekkbi.com\/index.php?rest_route=%2Fwp%2Fv2%2Fcomments&post=20021"}],"version-history":[{"count":2,"href":"https:\/\/dekkbi.com\/index.php?rest_route=\/wp\/v2\/posts\/20021\/revisions"}],"predecessor-version":[{"id":20049,"href":"https:\/\/dekkbi.com\/index.php?rest_route=\/wp\/v2\/posts\/20021\/revisions\/20049"}],"wp:featuredmedia":[{"embeddable":true,"href":"https:\/\/dekkbi.com\/index.php?rest_route=\/wp\/v2\/media\/20022"}],"wp:attachment":[{"href":"https:\/\/dekkbi.com\/index.php?rest_route=%2Fwp%2Fv2%2Fmedia&parent=20021"}],"wp:term":[{"taxonomy":"category","embeddable":true,"href":"https:\/\/dekkbi.com\/index.php?rest_route=%2Fwp%2Fv2%2Fcategories&post=20021"},{"taxonomy":"post_tag","embeddable":true,"href":"https:\/\/dekkbi.com\/index.php?rest_route=%2Fwp%2Fv2%2Ftags&post=20021"}],"curies":[{"name":"wp","href":"https:\/\/api.w.org\/{rel}","templated":true}]}}