{"id":19981,"date":"2023-08-28T15:29:25","date_gmt":"2023-08-28T15:29:25","guid":{"rendered":"https:\/\/dekkbi.com\/?p=19981"},"modified":"2023-08-28T15:29:25","modified_gmt":"2023-08-28T15:29:25","slug":"afrique-politique-gabon-un-couvre-feu-instaure-au-lendemain-des-elections-generales","status":"publish","type":"post","link":"https:\/\/dekkbi.com\/?p=19981","title":{"rendered":"AFRIQUE-POLITIQUE \/ Gabon : un couvre-feu instaur\u00e9 au lendemain des \u00e9lections g\u00e9n\u00e9rales"},"content":{"rendered":"\n<p>(APS) \u2013 Le gouvernement gabonais a instaur\u00e9 \u00e0 compter de dimanche un couvre-feu nocturne allant de 19 h \u00e0 6 h du matin apr\u00e8s avoir suspendu internet sur l\u2019\u00e9tendue du territoire \u00e0 la suite de tensions entourant l\u2019attente des r\u00e9sultats des \u00e9lections g\u00e9n\u00e9rales de samedi, ont rapport\u00e9 plusieurs m\u00e9dias.<\/p>\n\n\n\n<p>A l\u2019antenne de la t\u00e9l\u00e9vision publique gabonaise, le ministre de la Communication, Rodrigue Mboumba Bissawou, a d\u00e9clar\u00e9 que le Gouvernement instaurait un couvre-feu nocturne de 19h \u00e0 6h \u00e0 compter de dimanche et l\u2019obligation de demander une autorisation trois jours avant d\u2019organiser toute r\u00e9union ou manifestation. Il a dans la foul\u00e9e confirm\u00e9 &nbsp;\u00bbla suspension imm\u00e9diate et jusqu\u2019\u00e0 nouvel ordre d\u2019Internet&nbsp; sur toute l\u2019\u00e9tendue du territoire.<\/p>\n\n\n\n<p>Ces mesures de restriction prises par les autorit\u00e9s gabonaises font suite \u00e0 la d\u00e9claration du principal adversaire du pr\u00e9sident sortant Ali Bongo.<\/p>\n\n\n\n<p>En sortant du bureau de vote, samedi, Albert Ondo Ossaa a fustig\u00e9 &nbsp;\u00bbdes fraudes orchestr\u00e9es par Ali Bongo et ses partisans&nbsp;\u00bb apr\u00e8s avoir d\u00e9nonc\u00e9 le d\u00e9marrage tardif du vote dans plusieurs lieux en raison du retard de la mise en place du mat\u00e9riel \u00e9lectoral.<\/p>\n\n\n\n<p>Plus tard sur les r\u00e9seaux sociaux, il avait demand\u00e9 au pr\u00e9sident sortant Ali Bongo \u2018\u2019au pouvoir depuis 14 ans, de partir, en se portant garant de sa s\u00e9curit\u00e9\u2019\u2019.<\/p>\n\n\n\n<p>Le gouvernement a \u00e9voqu\u00e9 \u2018\u2019au nom de l\u2019int\u00e9r\u00eat sup\u00e9rieur de la Nation, la n\u00e9cessit\u00e9 de parer aux appels \u00e0 la violence et aux fausses informations dans les r\u00e9seaux sociaux, et de pr\u00e9venir tout d\u00e9bordement et assurer la s\u00e9curit\u00e9 des populations\u2019\u2019, a indiqu\u00e9 le site d\u2019information de la chaine France 24.<\/p>\n\n\n\n<p>Les autorit\u00e9s gabonaises ont aussi d\u00e9cid\u00e9 d\u2019interdire provisoirement la diffusion des m\u00e9dias France 24, RFI et TV5 Monde auxquels il est reproch\u00e9 un manque d\u2019objectivit\u00e9 et d\u2019\u00e9quilibre dans le traitement de l\u2019information en lien avec les \u00e9lections g\u00e9n\u00e9rales en cours..<\/p>\n\n\n\n<p>Quelque 850.000 Gabonais \u00e9taient appel\u00e9s aux urnes samedi pour \u00e9lire un pr\u00e9sident de la R\u00e9publique, des d\u00e9put\u00e9s et maires \u00e0 travers un scrutin \u00e0 un tour.<\/p>\n\n\n\n<p>Ali Bongo, 64 ans, brigue un troisi\u00e8me mandat. Il avait \u00e9t\u00e9 \u00e9lu une premi\u00e8re fois en 2009 apr\u00e8s la mort de son p\u00e8re Omar Bongo Ondimba, qui a dirig\u00e9 le pays pendant une quarantaine d\u2019ann\u00e9es.<\/p>\n\n\n\n<p>Albert Ondo Ossa, 69 ans, peu connu du grand public jusque-l\u00e0, a \u00e9t\u00e9 choisi par les principaux partis de l\u2019opposition rassembl\u00e9s dans la plateforme Alternance 2023 mise en place \u00e0 huit jours u scrutin.<\/p>\n","protected":false},"excerpt":{"rendered":"<p>(APS) \u2013 Le gouvernement gabonais a instaur\u00e9 \u00e0 compter de dimanche un couvre-feu nocturne allant de 19 h \u00e0 6<\/p>\n","protected":false},"author":1,"featured_media":19982,"comment_status":"open","ping_status":"open","sticky":false,"template":"","format":"standard","meta":{"footnotes":""},"categories":[51],"tags":[],"class_list":["post-19981","post","type-post","status-publish","format-standard","has-post-thumbnail","hentry","category-general"],"_links":{"self":[{"href":"https:\/\/dekkbi.com\/index.php?rest_route=\/wp\/v2\/posts\/19981","targetHints":{"allow":["GET"]}}],"collection":[{"href":"https:\/\/dekkbi.com\/index.php?rest_route=\/wp\/v2\/posts"}],"about":[{"href":"https:\/\/dekkbi.com\/index.php?rest_route=\/wp\/v2\/types\/post"}],"author":[{"embeddable":true,"href":"https:\/\/dekkbi.com\/index.php?rest_route=\/wp\/v2\/users\/1"}],"replies":[{"embeddable":true,"href":"https:\/\/dekkbi.com\/index.php?rest_route=%2Fwp%2Fv2%2Fcomments&post=19981"}],"version-history":[{"count":1,"href":"https:\/\/dekkbi.com\/index.php?rest_route=\/wp\/v2\/posts\/19981\/revisions"}],"predecessor-version":[{"id":19983,"href":"https:\/\/dekkbi.com\/index.php?rest_route=\/wp\/v2\/posts\/19981\/revisions\/19983"}],"wp:featuredmedia":[{"embeddable":true,"href":"https:\/\/dekkbi.com\/index.php?rest_route=\/wp\/v2\/media\/19982"}],"wp:attachment":[{"href":"https:\/\/dekkbi.com\/index.php?rest_route=%2Fwp%2Fv2%2Fmedia&parent=19981"}],"wp:term":[{"taxonomy":"category","embeddable":true,"href":"https:\/\/dekkbi.com\/index.php?rest_route=%2Fwp%2Fv2%2Fcategories&post=19981"},{"taxonomy":"post_tag","embeddable":true,"href":"https:\/\/dekkbi.com\/index.php?rest_route=%2Fwp%2Fv2%2Ftags&post=19981"}],"curies":[{"name":"wp","href":"https:\/\/api.w.org\/{rel}","templated":true}]}}