{"id":1996,"date":"2022-10-20T09:30:41","date_gmt":"2022-10-20T09:30:41","guid":{"rendered":"https:\/\/dekkbi.com\/?p=1996"},"modified":"2022-10-20T10:17:41","modified_gmt":"2022-10-20T10:17:41","slug":"sedhiou-des-elus-sensibilises-sur-les-enjeux-de-la-gouvernance-fonciere","status":"publish","type":"post","link":"https:\/\/dekkbi.com\/?p=1996","title":{"rendered":"S\u00c9DHIOU&nbsp;: DES \u00c9LUS SENSIBILIS\u00c9S SUR LES ENJEUX DE LA GOUVERNANCE FONCI\u00c8RE"},"content":{"rendered":"\n<p><\/p>\n\n\n\n<p>S\u00e9dhiou, (APS) &#8211; Des maires de la r\u00e9gion de S\u00e9dhiou (sud), ont pris part mardi, \u00e0 un atelier de partage sur les enjeux de la gouvernance fonci\u00e8re, \u00e0 l\u2019initiative du Projet cadastre et s\u00e9curisation fonci\u00e8re (PROCASEF), a constat\u00e9 l\u2019APS.<\/p>\n\n\n\n<p><br>\u00ab\u00a0Cette rencontre entre \u00e9lus, services d\u00e9concentr\u00e9s de l\u2019Etat, soci\u00e9t\u00e9 civile et responsables du projet a pour but de partager sur les modalit\u00e9s de la mise en \u0153uvre du projet \u00e0 S\u00e9dhiou\u00a0\u00bb, a expliqu\u00e9 Alain Diouf, le coordonnateur technique du PROCASEF.<\/p>\n\n\n\n<p>Il a expliqu\u00e9 que des conflits li\u00e9s \u00e0 la gestion fonci\u00e8re ont continu\u00e9 \u00e0 persister en d\u00e9pit des efforts fournis par l\u2019Etat du S\u00e9n\u00e9gal ces derni\u00e8res ann\u00e9es.<\/p>\n\n\n\n<p>M.&nbsp;Diouf a ainsi fait part de la d\u00e9cision de mettre en place par le biais du projet, de proc\u00e9dures devant favoriser la fiabilit\u00e9, la transparence et l\u2019\u00e9quit\u00e9 dans la gouvernance fonci\u00e8re.<\/p>\n\n\n\n<p>Le PROCASEF va intervenir dans 163 communes \u00e0 travers le pays pour assurer la s\u00e9curisation et la disponibilit\u00e9 des terres au profit des m\u00e9nages et des populations, a-t-il ajout\u00e9.<\/p>\n\n\n\n<p>De m\u00eame, il a soulign\u00e9 que le projet comptait assister les collectivit\u00e9s territoriales \u00e0 ma\u00eetriser l\u2019assiette fonci\u00e8re de mani\u00e8re syst\u00e9matique.<\/p>\n\n\n\n<p>Il est aussi pr\u00e9vu de mettre en place d\u2019outils devant permettre de g\u00e9rer les terres, a assur\u00e9 Alain Diouf.<\/p>\n\n\n\n<p>OB\/ASB\/AKS<\/p>\n","protected":false},"excerpt":{"rendered":"<p>S\u00e9dhiou, (APS) &#8211; Des maires de la r\u00e9gion de S\u00e9dhiou (sud), ont pris part mardi, \u00e0 un atelier de partage<\/p>\n","protected":false},"author":1,"featured_media":1997,"comment_status":"open","ping_status":"open","sticky":false,"template":"","format":"standard","meta":{"footnotes":""},"categories":[6],"tags":[],"class_list":["post-1996","post","type-post","status-publish","format-standard","has-post-thumbnail","hentry","category-politics"],"_links":{"self":[{"href":"https:\/\/dekkbi.com\/index.php?rest_route=\/wp\/v2\/posts\/1996","targetHints":{"allow":["GET"]}}],"collection":[{"href":"https:\/\/dekkbi.com\/index.php?rest_route=\/wp\/v2\/posts"}],"about":[{"href":"https:\/\/dekkbi.com\/index.php?rest_route=\/wp\/v2\/types\/post"}],"author":[{"embeddable":true,"href":"https:\/\/dekkbi.com\/index.php?rest_route=\/wp\/v2\/users\/1"}],"replies":[{"embeddable":true,"href":"https:\/\/dekkbi.com\/index.php?rest_route=%2Fwp%2Fv2%2Fcomments&post=1996"}],"version-history":[{"count":1,"href":"https:\/\/dekkbi.com\/index.php?rest_route=\/wp\/v2\/posts\/1996\/revisions"}],"predecessor-version":[{"id":1998,"href":"https:\/\/dekkbi.com\/index.php?rest_route=\/wp\/v2\/posts\/1996\/revisions\/1998"}],"wp:featuredmedia":[{"embeddable":true,"href":"https:\/\/dekkbi.com\/index.php?rest_route=\/wp\/v2\/media\/1997"}],"wp:attachment":[{"href":"https:\/\/dekkbi.com\/index.php?rest_route=%2Fwp%2Fv2%2Fmedia&parent=1996"}],"wp:term":[{"taxonomy":"category","embeddable":true,"href":"https:\/\/dekkbi.com\/index.php?rest_route=%2Fwp%2Fv2%2Fcategories&post=1996"},{"taxonomy":"post_tag","embeddable":true,"href":"https:\/\/dekkbi.com\/index.php?rest_route=%2Fwp%2Fv2%2Ftags&post=1996"}],"curies":[{"name":"wp","href":"https:\/\/api.w.org\/{rel}","templated":true}]}}