{"id":19956,"date":"2023-08-28T12:29:54","date_gmt":"2023-08-28T12:29:54","guid":{"rendered":"https:\/\/dekkbi.com\/?p=19956"},"modified":"2023-08-28T12:29:55","modified_gmt":"2023-08-28T12:29:55","slug":"un-avocat-de-sonko-depite-par-la-greve-de-la-faim-lache-sil-lui-arrivait-malheur-tout-cela-serait-vain","status":"publish","type":"post","link":"https:\/\/dekkbi.com\/?p=19956","title":{"rendered":"Un avocat de Sonko, d\u00e9pit\u00e9 par la gr\u00e8ve de la faim, l\u00e2che : \u201cS\u2019il lui arrivait malheur, tout cela serait vain"},"content":{"rendered":"\n<p>Les avocats de Ousmane Sonko se d\u00e9m\u00e8nent pour que leur client mette fin \u00e0 la gr\u00e8ve de la faim entam\u00e9e depuis moins d\u2019un mois.&nbsp; \u00ab Nous avons bien essay\u00e9 de le convaincre. S\u2019il lui arrivait malheur, tout cela serait vain, indique l\u2019un d&rsquo;eux, Ousmane Ngom, cit\u00e9 par Jeune Afrique. Mais dans ce combat qui est le sien, nous n\u2019avons pas notre mot \u00e0 dire. \u00bb<\/p>\n\n\n\n<p>\u201cC\u2019est tr\u00e8s p\u00e9nible de le voir dans cet \u00e9tat, glisse un autre des conseils, s\u2019exprimant lui sous le couvert de l\u2019anonymat. Il s\u2019\u00e9teint \u00e0 vue d\u2019\u0153il. Lorsque nous insistons sur la n\u00e9cessit\u00e9 d\u2019arr\u00eater sa gr\u00e8ve de la faim, il ne nous r\u00e9pond pas \u201cnon\u201d, mais il s\u2019ent\u00eate. C\u2019est un gar\u00e7on poli mais obstin\u00e9, et nous ne sommes pas l\u00e0 pour lui faire la morale.\u201d<\/p>\n\n\n\n<p>Du c\u00f4t\u00e9 du pouvoir, un Conseiller du Pr\u00e9sident de la R\u00e9publique, cit\u00e9 par le magazine panafricain, parle de \u201ccom\u00e9dies\u201d s\u2019agissant des nouvelles alarmantes sur l\u2019\u00e9tat de sant\u00e9 du maire de Ziguinchor. Il assure n\u00e9anmoins que l\u2019\u00c9tat suit \u201cquotidiennement\u201d l\u2019\u00e9volution de la sant\u00e9 du d\u00e9tenu, \u201cen lien \u00e9troit avec le directeur de l\u2019administration p\u00e9nitentiaire\u201d.<\/p>\n\n\n\n<p>Transf\u00e9r\u00e9 depuis le 6 ao\u00fbt \u00e0 l\u2019h\u00f4pital Principal, Ousmane Sonko a \u00e9t\u00e9 admis en r\u00e9animation le 16 ao\u00fbt apr\u00e8s un malaise. Depuis, ses proches et alli\u00e9s politiques alertent sur son \u00e9tat de sant\u00e9 qui se serait fortement d\u00e9grad\u00e9.<\/p>\n\n\n\n<p>Source &#8211; seneweb<\/p>\n","protected":false},"excerpt":{"rendered":"<p>Les avocats de Ousmane Sonko se d\u00e9m\u00e8nent pour que leur client mette fin \u00e0 la gr\u00e8ve de la faim entam\u00e9e<\/p>\n","protected":false},"author":1,"featured_media":19957,"comment_status":"open","ping_status":"open","sticky":false,"template":"","format":"standard","meta":{"footnotes":""},"categories":[6],"tags":[],"class_list":["post-19956","post","type-post","status-publish","format-standard","has-post-thumbnail","hentry","category-politics"],"_links":{"self":[{"href":"https:\/\/dekkbi.com\/index.php?rest_route=\/wp\/v2\/posts\/19956","targetHints":{"allow":["GET"]}}],"collection":[{"href":"https:\/\/dekkbi.com\/index.php?rest_route=\/wp\/v2\/posts"}],"about":[{"href":"https:\/\/dekkbi.com\/index.php?rest_route=\/wp\/v2\/types\/post"}],"author":[{"embeddable":true,"href":"https:\/\/dekkbi.com\/index.php?rest_route=\/wp\/v2\/users\/1"}],"replies":[{"embeddable":true,"href":"https:\/\/dekkbi.com\/index.php?rest_route=%2Fwp%2Fv2%2Fcomments&post=19956"}],"version-history":[{"count":1,"href":"https:\/\/dekkbi.com\/index.php?rest_route=\/wp\/v2\/posts\/19956\/revisions"}],"predecessor-version":[{"id":19958,"href":"https:\/\/dekkbi.com\/index.php?rest_route=\/wp\/v2\/posts\/19956\/revisions\/19958"}],"wp:featuredmedia":[{"embeddable":true,"href":"https:\/\/dekkbi.com\/index.php?rest_route=\/wp\/v2\/media\/19957"}],"wp:attachment":[{"href":"https:\/\/dekkbi.com\/index.php?rest_route=%2Fwp%2Fv2%2Fmedia&parent=19956"}],"wp:term":[{"taxonomy":"category","embeddable":true,"href":"https:\/\/dekkbi.com\/index.php?rest_route=%2Fwp%2Fv2%2Fcategories&post=19956"},{"taxonomy":"post_tag","embeddable":true,"href":"https:\/\/dekkbi.com\/index.php?rest_route=%2Fwp%2Fv2%2Ftags&post=19956"}],"curies":[{"name":"wp","href":"https:\/\/api.w.org\/{rel}","templated":true}]}}