{"id":19948,"date":"2023-08-28T11:47:24","date_gmt":"2023-08-28T11:47:24","guid":{"rendered":"https:\/\/dekkbi.com\/?p=19948"},"modified":"2023-08-28T11:47:24","modified_gmt":"2023-08-28T11:47:24","slug":"presidentielle-2024-samba-ndiaye-prend-date","status":"publish","type":"post","link":"https:\/\/dekkbi.com\/?p=19948","title":{"rendered":"Pr\u00e9sidentielle 2024 : Samba Ndiaye prend date"},"content":{"rendered":"\n<p>E-media &#8211; Le paysage politique s\u00e9n\u00e9galais vient de s\u2019agrandir avec notamment l\u2019arriv\u00e9e sur l\u2019\u00e9chiquier politique d\u2019un nouveau Parti d\u00e9nomm\u00e9 (MDIS) Le Mouvement D\u00e9mocratique Pour le D\u00e9veloppement Int\u00e9gral du S\u00e9n\u00e9gal (MDIS), qui a \u00e9t\u00e9 lanc\u00e9, ce Samedi, 26 ao\u00fbt 2023 au Cices de Dakar. Le leader du parti, M. Samba Ndiaye a d\u00e9clar\u00e9 que le bien-\u00eatre du citoyen serait au c\u0153ur des futures activit\u00e9s du parti. \u00a0\u00bb Ce nouveau parti met un terme \u00e0 la tendance d&rsquo;essayer de trouver des solutions faciles et simplistes aux probl\u00e8mes politiques et nationaux\u00a0\u00bb, a-t-il dit. Selon lui, ce qui diff\u00e9rencie principalement le MDIS d&rsquo;autres organisations politiques du pays, c&rsquo;est la formation d&rsquo;une \u00e9quipe responsable pour avancer vers un horizon d&rsquo;espoir. Dans le discours de lancement qu&rsquo;il a prononc\u00e9, le Pr\u00e9sident du MDIS a annonc\u00e9 les motivations et les intentions de cette nouvelle formation politique. \u00ab Le MDIS qui \u00e9tait jusque-l\u00e0 un mouvement politique existe depuis 2015 \u00bb\u00a0 a-t-il fait savoir.\u00a0<br>Au surplus, M. Samba Ndiaye demande \u00e0 ses militants de se tenir pr\u00eats. \u201c\u00catre Candidat c\u2019est d\u2019abord avoir un parcours et tout ce qui sont en train de faire du bruit n\u2019ont pas de parcours J\u2019ai lanc\u00e9 un d\u00e9fi personne et je dis bien personne d\u2019entre eux n\u2019a un parcours similaire au mien. Je suis le candidat de l\u2019\u00e9thique, du travail et du respect\u201d, a-t-il clam\u00e9.<\/p>\n\n\n\n<p>M. Ndiaye demande \u00e0 ses militants et sympathisants de se tenir pr\u00eats pour les \u00e9ch\u00e9ances \u00e0 venir.&nbsp;<br>Samba Ndiaye n\u2019a pas manqu\u00e9 de lancer des piques aux membres de l\u2019opposition dite radicale: \u201cLe pouvoir ne se gagne pas dans la violence, dans la calomnie ni dans les insultes mais plut\u00f4t dans le respect, les r\u00e8gles de l\u2019art mais aussi et surtout la confiance des S\u00e9n\u00e9galais de tout bord\u201d.&nbsp;<br>Titulaire d\u2019un brevet d\u2019invention et de plusieurs distinctions qui ont couronn\u00e9 l\u2019excellent travail qu\u2019il a fourni \u00e0 la SIRN pour le d\u00e9veloppement de la p\u00eache au S\u00e9n\u00e9gal, Samba Ndiaye g\u00e8re la gestion des Grands Trains du S\u00e9n\u00e9gal S.A pour la relance du transport ferroviaire du S\u00e9n\u00e9gal.<\/p>\n\n\n\n<figure class=\"wp-block-image\"><img decoding=\"async\" src=\"http:\/\/images.seneweb.com\/dynamic\/modules\/news\/images\/gen\/Ely\/SAMND-MDIS1.jpeg\" alt=\"\"\/><\/figure>\n\n\n\n<figure class=\"wp-block-image\"><img decoding=\"async\" src=\"http:\/\/images.seneweb.com\/dynamic\/modules\/news\/images\/gen\/Ely\/SAMND-MDIS2.jpeg\" alt=\"\"\/><\/figure>\n\n\n\n<figure class=\"wp-block-image\"><img decoding=\"async\" src=\"http:\/\/images.seneweb.com\/dynamic\/modules\/news\/images\/gen\/Ely\/SAMND-MDIS3.jpeg\" alt=\"\"\/><\/figure>\n\n\n\n<figure class=\"wp-block-image\"><img decoding=\"async\" src=\"http:\/\/images.seneweb.com\/dynamic\/modules\/news\/images\/gen\/Ely\/SAMND-MDIS4.jpeg\" alt=\"\"\/><\/figure>\n\n\n\n<figure class=\"wp-block-image\"><img decoding=\"async\" src=\"http:\/\/images.seneweb.com\/dynamic\/modules\/news\/images\/gen\/Ely\/SAMND-MDIS5.jpeg\" alt=\"\"\/><\/figure>\n\n\n\n<figure class=\"wp-block-image\"><img decoding=\"async\" src=\"http:\/\/images.seneweb.com\/dynamic\/modules\/news\/images\/gen\/Ely\/SAMND-MDIS6.jpeg\" alt=\"\"\/><\/figure>\n\n\n\n<figure class=\"wp-block-image\"><img decoding=\"async\" src=\"http:\/\/images.seneweb.com\/dynamic\/modules\/news\/images\/gen\/Ely\/SAMND-MDIS7.jpeg\" alt=\"\"\/><\/figure>\n\n\n\n<figure class=\"wp-block-image\"><img decoding=\"async\" src=\"http:\/\/images.seneweb.com\/dynamic\/modules\/news\/images\/gen\/Ely\/SAMND-MDIS8.jpeg\" alt=\"\"\/><\/figure>\n\n\n\n<figure class=\"wp-block-image\"><img decoding=\"async\" src=\"http:\/\/images.seneweb.com\/dynamic\/modules\/news\/images\/gen\/Ely\/SAMND-MDIS9.jpeg\" alt=\"\"\/><\/figure>\n\n\n\n<figure class=\"wp-block-image\"><img decoding=\"async\" src=\"http:\/\/images.seneweb.com\/dynamic\/modules\/news\/images\/gen\/Ely\/SAMND-MDIS10.jpeg\" alt=\"\"\/><\/figure>\n\n\n\n<figure class=\"wp-block-image\"><img decoding=\"async\" src=\"http:\/\/images.seneweb.com\/dynamic\/modules\/news\/images\/gen\/Ely\/SAMND-MDIS11.jpeg\" alt=\"\"\/><\/figure>\n\n\n\n<figure class=\"wp-block-image\"><img decoding=\"async\" src=\"http:\/\/images.seneweb.com\/dynamic\/modules\/news\/images\/gen\/Ely\/SAMND-MDIS12.jpeg\" alt=\"\"\/><\/figure>\n\n\n\n<figure class=\"wp-block-image\"><img decoding=\"async\" src=\"http:\/\/images.seneweb.com\/dynamic\/modules\/news\/images\/gen\/Ely\/SAMND-MDIS14.jpeg\" alt=\"\"\/><\/figure>\n\n\n\n<figure class=\"wp-block-image\"><img decoding=\"async\" src=\"http:\/\/images.seneweb.com\/dynamic\/modules\/news\/images\/gen\/Ely\/SAMND-MDIS15.jpeg\" alt=\"\"\/><\/figure>\n\n\n\n<figure class=\"wp-block-image\"><img decoding=\"async\" src=\"http:\/\/images.seneweb.com\/dynamic\/modules\/news\/images\/gen\/Ely\/SAMND-MDIS20.jpeg\" alt=\"\"\/><\/figure>\n\n\n\n<figure class=\"wp-block-image\"><img decoding=\"async\" src=\"http:\/\/images.seneweb.com\/dynamic\/modules\/news\/images\/gen\/Ely\/SAMND-MDIS21.jpeg\" alt=\"\"\/><\/figure>\n\n\n\n<figure class=\"wp-block-image\"><img decoding=\"async\" src=\"http:\/\/images.seneweb.com\/dynamic\/modules\/news\/images\/gen\/Ely\/SAMND-MDIS22.jpeg\" alt=\"\"\/><\/figure>\n\n\n\n<figure class=\"wp-block-image\"><img decoding=\"async\" src=\"http:\/\/images.seneweb.com\/dynamic\/modules\/news\/images\/gen\/Ely\/SAMND-MDIS23.jpeg\" alt=\"\"\/><\/figure>\n\n\n\n<figure class=\"wp-block-image\"><img decoding=\"async\" src=\"http:\/\/images.seneweb.com\/dynamic\/modules\/news\/images\/gen\/Ely\/SAMND-MDIS24.jpeg\" alt=\"\"\/><\/figure>\n\n\n\n<figure class=\"wp-block-image\"><img decoding=\"async\" src=\"http:\/\/images.seneweb.com\/dynamic\/modules\/news\/images\/gen\/Ely\/SAMND-MDIS27.jpeg\" alt=\"\"\/><\/figure>\n","protected":false},"excerpt":{"rendered":"<p>E-media &#8211; Le paysage politique s\u00e9n\u00e9galais vient de s\u2019agrandir avec notamment l\u2019arriv\u00e9e sur l\u2019\u00e9chiquier politique d\u2019un nouveau Parti d\u00e9nomm\u00e9 (MDIS)<\/p>\n","protected":false},"author":1,"featured_media":19954,"comment_status":"open","ping_status":"open","sticky":false,"template":"","format":"standard","meta":{"footnotes":""},"categories":[6],"tags":[],"class_list":["post-19948","post","type-post","status-publish","format-standard","has-post-thumbnail","hentry","category-politics"],"_links":{"self":[{"href":"https:\/\/dekkbi.com\/index.php?rest_route=\/wp\/v2\/posts\/19948","targetHints":{"allow":["GET"]}}],"collection":[{"href":"https:\/\/dekkbi.com\/index.php?rest_route=\/wp\/v2\/posts"}],"about":[{"href":"https:\/\/dekkbi.com\/index.php?rest_route=\/wp\/v2\/types\/post"}],"author":[{"embeddable":true,"href":"https:\/\/dekkbi.com\/index.php?rest_route=\/wp\/v2\/users\/1"}],"replies":[{"embeddable":true,"href":"https:\/\/dekkbi.com\/index.php?rest_route=%2Fwp%2Fv2%2Fcomments&post=19948"}],"version-history":[{"count":1,"href":"https:\/\/dekkbi.com\/index.php?rest_route=\/wp\/v2\/posts\/19948\/revisions"}],"predecessor-version":[{"id":19955,"href":"https:\/\/dekkbi.com\/index.php?rest_route=\/wp\/v2\/posts\/19948\/revisions\/19955"}],"wp:featuredmedia":[{"embeddable":true,"href":"https:\/\/dekkbi.com\/index.php?rest_route=\/wp\/v2\/media\/19954"}],"wp:attachment":[{"href":"https:\/\/dekkbi.com\/index.php?rest_route=%2Fwp%2Fv2%2Fmedia&parent=19948"}],"wp:term":[{"taxonomy":"category","embeddable":true,"href":"https:\/\/dekkbi.com\/index.php?rest_route=%2Fwp%2Fv2%2Fcategories&post=19948"},{"taxonomy":"post_tag","embeddable":true,"href":"https:\/\/dekkbi.com\/index.php?rest_route=%2Fwp%2Fv2%2Ftags&post=19948"}],"curies":[{"name":"wp","href":"https:\/\/api.w.org\/{rel}","templated":true}]}}