{"id":1991,"date":"2022-10-20T09:26:03","date_gmt":"2022-10-20T09:26:03","guid":{"rendered":"https:\/\/dekkbi.com\/?p=1991"},"modified":"2022-10-20T09:27:28","modified_gmt":"2022-10-20T09:27:28","slug":"diourbel-un-taux-de-malnutrition-chronique-de-19-chez-les-0-5-ans","status":"publish","type":"post","link":"https:\/\/dekkbi.com\/?p=1991","title":{"rendered":"DIOURBEL&nbsp;: UN TAUX DE MALNUTRITION CHRONIQUE DE 19% CHEZ LES 0-5 ANS"},"content":{"rendered":"\n<p><\/p>\n\n\n\n<p>Diourbel,  (APS) \u2013\u00a0Le taux de malnutrition chronique chez les enfants \u00e2g\u00e9s de 0 \u00e0 5 ans est estim\u00e9 \u00e0 19\u00a0% dans la r\u00e9gion de Diourbel (centre), a indiqu\u00e9 mercredi la responsable du bureau r\u00e9gional du Conseil national de d\u00e9veloppement de la nutrition (CNDN), Nd\u00e8ye Rokhaya Seck<\/p>\n\n\n\n<p>\u2019\u2019Au niveau de la r\u00e9gion de Diourbel, par rapport \u00e0 la malnutrition chronique chez les enfants de 0 \u00e0 5 ans, on est \u00e0 19%, donc c\u2019est une situation relativement satisfaisante\u2019\u2019, a d\u00e9clar\u00e9 Mme&nbsp;Seck.<\/p>\n\n\n\n<p>Elle s\u2019entretenait avec des journalistes en marge d\u2019un atelier de deux jours consacr\u00e9s \u00e0 la revue r\u00e9gionale sur la nutrition.<\/p>\n\n\n\n<p>Pour l\u2019Organisation mondiale de la sant\u00e9, a-t-elle expliqu\u00e9, \u2019\u2019si la pr\u00e9valence de la malnutrition chronique est inf\u00e9rieure \u00e0 20%, vraiment, c\u2019est que la situation satisfaisante\u2019\u2019.<\/p>\n\n\n\n<p>La responsable du bureau r\u00e9gional du CNDN se dit pr\u00e9occup\u00e9e par la situation de certains enfants de la zone touch\u00e9s par un retard de croissance.<\/p>\n\n\n\n<p>\u2019\u2019Il y a encore des enfants dans la r\u00e9gion de Diourbel qui souffrent de retards de croissance ou bien de malnutrition chronique, raison pour laquelle la r\u00e9gion de Diourbel fait partie des r\u00e9gions prioritaires\u2019\u2019, a-t-elle soulign\u00e9.<\/p>\n\n\n\n<p>Concernant la malnutrition aigu\u00eb, elle a indiqu\u00e9 que la r\u00e9gion de Diourbel se trouve dans \u2018\u2019une phase de pr\u00e9carit\u00e9. C\u2019est-\u00e0-dire avec un taux sup\u00e9rieur \u00e0 10%\u2019\u2019.<\/p>\n\n\n\n<p>La r\u00e9gion de Diourbel \u2019\u2019enregistre quand m\u00eame des pr\u00e9valences relativement \u00e9lev\u00e9es parce que sup\u00e9rieures \u00e0 10% et donc la situation est pr\u00e9caire par rapport \u00e0 la malnutrition aigu\u00eb chez les enfants \u00e2g\u00e9s de 0 \u00e0 5 ans\u2019\u2019, a-t-elle encore soulign\u00e9.<\/p>\n\n\n\n<p>Mme&nbsp;Seck esp\u00e8re qu\u2019avec les interventions de tous les secteurs, la r\u00e9gion de Diourbel enregistrera quand m\u00eame des pr\u00e9valences beaucoup \u2019\u2019plus faibles\u2019\u2019.<\/p>\n\n\n\n<p>L\u2019adjoint du gouverneur de la r\u00e9gion de Diourbel charg\u00e9 des Affaires administratives, Omar Ndiaye, a pr\u00e9sid\u00e9 la c\u00e9r\u00e9monie d\u2019ouverture de la revue r\u00e9gionale sur la nutrition.<\/p>\n\n\n\n<p>Les autorit\u00e9s municipales, les diff\u00e9rents chefs de services concern\u00e9s et les partenaires technique et financier ont \u00e9galement pris part \u00e0 cet atelier qui sera cl\u00f4tur\u00e9 jeudi \u00e0 la gouvernance de Diourbel.<\/p>\n\n\n\n<p>CGD\/AB\/OID\/AKS<\/p>\n","protected":false},"excerpt":{"rendered":"<p>Diourbel, (APS) \u2013\u00a0Le taux de malnutrition chronique chez les enfants \u00e2g\u00e9s de 0 \u00e0 5 ans est estim\u00e9 \u00e0 19\u00a0%<\/p>\n","protected":false},"author":1,"featured_media":1992,"comment_status":"open","ping_status":"open","sticky":false,"template":"","format":"standard","meta":{"footnotes":""},"categories":[21],"tags":[],"class_list":["post-1991","post","type-post","status-publish","format-standard","has-post-thumbnail","hentry","category-societe"],"_links":{"self":[{"href":"https:\/\/dekkbi.com\/index.php?rest_route=\/wp\/v2\/posts\/1991","targetHints":{"allow":["GET"]}}],"collection":[{"href":"https:\/\/dekkbi.com\/index.php?rest_route=\/wp\/v2\/posts"}],"about":[{"href":"https:\/\/dekkbi.com\/index.php?rest_route=\/wp\/v2\/types\/post"}],"author":[{"embeddable":true,"href":"https:\/\/dekkbi.com\/index.php?rest_route=\/wp\/v2\/users\/1"}],"replies":[{"embeddable":true,"href":"https:\/\/dekkbi.com\/index.php?rest_route=%2Fwp%2Fv2%2Fcomments&post=1991"}],"version-history":[{"count":2,"href":"https:\/\/dekkbi.com\/index.php?rest_route=\/wp\/v2\/posts\/1991\/revisions"}],"predecessor-version":[{"id":1995,"href":"https:\/\/dekkbi.com\/index.php?rest_route=\/wp\/v2\/posts\/1991\/revisions\/1995"}],"wp:featuredmedia":[{"embeddable":true,"href":"https:\/\/dekkbi.com\/index.php?rest_route=\/wp\/v2\/media\/1992"}],"wp:attachment":[{"href":"https:\/\/dekkbi.com\/index.php?rest_route=%2Fwp%2Fv2%2Fmedia&parent=1991"}],"wp:term":[{"taxonomy":"category","embeddable":true,"href":"https:\/\/dekkbi.com\/index.php?rest_route=%2Fwp%2Fv2%2Fcategories&post=1991"},{"taxonomy":"post_tag","embeddable":true,"href":"https:\/\/dekkbi.com\/index.php?rest_route=%2Fwp%2Fv2%2Ftags&post=1991"}],"curies":[{"name":"wp","href":"https:\/\/api.w.org\/{rel}","templated":true}]}}