{"id":19906,"date":"2023-08-28T10:29:09","date_gmt":"2023-08-28T10:29:09","guid":{"rendered":"https:\/\/dekkbi.com\/?p=19906"},"modified":"2023-08-28T10:31:07","modified_gmt":"2023-08-28T10:31:07","slug":"mondiaux-dathletisme-une-seule-medaille-tricolore-qui-ne-cache-pas-le-desert-a-un-an-des-jo","status":"publish","type":"post","link":"https:\/\/dekkbi.com\/?p=19906","title":{"rendered":"Une seule m\u00e9daille tricolore qui ne cache pas le d\u00e9sert \u00e0 un an des JO"},"content":{"rendered":"\n<p>Dimanche 27 ao\u00fbt, les Championnats du monde d\u2019athl\u00e9tisme 2023 \u00e0 Budapest se sont conclus Avec une bonne nouvelle pour la d\u00e9l\u00e9gation fran\u00e7aise qui a obtenu une m\u00e9daille d\u2019argent sur le relais 4 x 400 m\u00e8tres messieurs. Enfin une r\u00e9compense pour les Tricolores qui vient att\u00e9nuer un bilan peu encourageant \u00e0 un an des Jeux Olympiques de Paris.<\/p>\n\n\n\n<p><em>Avec notre envoy\u00e9 sp\u00e9cial \u00e0 Budapest,\u00a0<\/em><strong>C\u00e9dric de Oliveira<\/strong> RFI<\/p>\n\n\n\n<p>Sur le gong ou presque ! Lorsque T\u00e9o Andant a franchi la ligne d\u2019arriv\u00e9e derri\u00e8re son concurrent am\u00e9ricain, l\u2019athl\u00e8te fran\u00e7ais a pu savourer sa m\u00e9daille d\u2019argent obtenu avec le relais 4 x 400 m\u00e8tres qui permet \u00e0 son pays de ne pas repartir bredouille de Budapest.<\/p>\n\n\n\n<p>\u00ab<em>&nbsp;Je suis super content, franchement, on la m\u00e9rite cette m\u00e9daille ! On est super fiers de l\u2019amener \u00e0 la France ! Je pense que l\u2019ann\u00e9e prochaine, on sera tous pr\u00eats, on est pr\u00eats pour 2024, tout le monde est pr\u00eat dans sa t\u00eate pour 2024.&nbsp; Il va falloir compter sur nous tous, sur toute l\u2019\u00e9quipe de France, on va rapporter beaucoup de m\u00e9dailles.<\/em>&nbsp;\u00bb<\/p>\n\n\n\n<h2 class=\"wp-block-heading\">27e place pour la France lors de ces Mondiaux d&rsquo;Athl\u00e9tisme<\/h2>\n\n\n\n<p>Pourtant, la d\u00e9l\u00e9gation tricolore n\u2019a gu\u00e8re brill\u00e9 en Hongrie. Loin des objectifs fix\u00e9s par la F\u00e9d\u00e9ration. Un seul podium et huit places de finalistes. Des leaders en de\u00e7\u00e0 de leurs standards, \u00e0 l\u2019image du\u00a0<strong>d\u00e9cathlonien Kevin Mayer<\/strong>\u00a0qui a abandonn\u00e9. La France termine 27e au classement des m\u00e9dailles, \u00e0 \u00e9galit\u00e9 avec la Colombie ou l\u2019\u00c9quateur.<\/p>\n\n\n\n<p>Le directeur de la haute performance Romain Barras a du mal \u00e0 cacher sa d\u00e9ception. \u00ab Il y a eu trop peu d\u2019athl\u00e8tes qui ont r\u00e9ussi \u00e0 se transcender avec le maillot bleu. Il y a eu trop peu d\u2019athl\u00e8tes qui ont r\u00e9ussi \u00e0 battre leur record personnel ou battre leur meilleure performance de la saison. Sinc\u00e8rement, je pense que tous se sont engag\u00e9s, avaient la motivation, avaient l\u2019envie de performer, mais par contre, beaucoup n\u2019ont pas r\u00e9ussi. \u00bb<\/p>\n\n\n\n<p>Comme tout l\u2019encadrement tricolore, Romain Barras esp\u00e8re que les athl\u00e8tes fran\u00e7ais sauront se transcender l\u2019an prochain \u00e0 domicile. Mais avant \u00e7a, il sera convoqu\u00e9 \u00e0 l\u2019\u00c9lys\u00e9e mardi par la ministre des Sports Am\u00e9lie Oud\u00e9a-Cast\u00e9ra pour \u00e9voquer ces r\u00e9sultats d\u00e9cevants.<\/p>\n","protected":false},"excerpt":{"rendered":"<p>Dimanche 27 ao\u00fbt, les Championnats du monde d\u2019athl\u00e9tisme 2023 \u00e0 Budapest se sont conclus Avec une bonne nouvelle pour la<\/p>\n","protected":false},"author":1,"featured_media":19910,"comment_status":"open","ping_status":"open","sticky":false,"template":"","format":"standard","meta":{"footnotes":""},"categories":[9],"tags":[],"class_list":["post-19906","post","type-post","status-publish","format-standard","has-post-thumbnail","hentry","category-sports"],"_links":{"self":[{"href":"https:\/\/dekkbi.com\/index.php?rest_route=\/wp\/v2\/posts\/19906","targetHints":{"allow":["GET"]}}],"collection":[{"href":"https:\/\/dekkbi.com\/index.php?rest_route=\/wp\/v2\/posts"}],"about":[{"href":"https:\/\/dekkbi.com\/index.php?rest_route=\/wp\/v2\/types\/post"}],"author":[{"embeddable":true,"href":"https:\/\/dekkbi.com\/index.php?rest_route=\/wp\/v2\/users\/1"}],"replies":[{"embeddable":true,"href":"https:\/\/dekkbi.com\/index.php?rest_route=%2Fwp%2Fv2%2Fcomments&post=19906"}],"version-history":[{"count":2,"href":"https:\/\/dekkbi.com\/index.php?rest_route=\/wp\/v2\/posts\/19906\/revisions"}],"predecessor-version":[{"id":19912,"href":"https:\/\/dekkbi.com\/index.php?rest_route=\/wp\/v2\/posts\/19906\/revisions\/19912"}],"wp:featuredmedia":[{"embeddable":true,"href":"https:\/\/dekkbi.com\/index.php?rest_route=\/wp\/v2\/media\/19910"}],"wp:attachment":[{"href":"https:\/\/dekkbi.com\/index.php?rest_route=%2Fwp%2Fv2%2Fmedia&parent=19906"}],"wp:term":[{"taxonomy":"category","embeddable":true,"href":"https:\/\/dekkbi.com\/index.php?rest_route=%2Fwp%2Fv2%2Fcategories&post=19906"},{"taxonomy":"post_tag","embeddable":true,"href":"https:\/\/dekkbi.com\/index.php?rest_route=%2Fwp%2Fv2%2Ftags&post=19906"}],"curies":[{"name":"wp","href":"https:\/\/api.w.org\/{rel}","templated":true}]}}