{"id":19893,"date":"2023-08-28T09:54:18","date_gmt":"2023-08-28T09:54:18","guid":{"rendered":"https:\/\/dekkbi.com\/?p=19893"},"modified":"2023-08-28T09:54:18","modified_gmt":"2023-08-28T09:54:18","slug":"candidat-bby-nouveau-soutien-pour-amadou-ba","status":"publish","type":"post","link":"https:\/\/dekkbi.com\/?p=19893","title":{"rendered":"Candidat BBY : Nouveau soutien pour Amadou Ba"},"content":{"rendered":"\n<p><strong>Le Mouvement Synergie des Forces R\u00e9publicaines pour le D\u00e9veloppement a tenu sa r\u00e9union samedi \u00e0 Ndoffane, avec la participation des responsables d\u00e9partementaux Kaolack et Nioro. Lors de cette rencontre, le Mouvement a exprim\u00e9 ses f\u00e9licitations au Pr\u00e9sident de la R\u00e9publique Macky Sall pour sa d\u00e9cision de ne pas briguer un troisi\u00e8me mandat, tout en encourageant le chef de l\u2019Etat \u00e0 suivre la volont\u00e9 populaire en choisissant le candidat \u00ab id\u00e9al \u00bb du BBY. Selon le Mouvement, le Premier Ministre Amadou B\u00e2 serait le choix optimal pour conduire la mouvance pr\u00e9sidentielle vers une victoire \u00e9clatante en 2024. Le Mouvement a \u00e9galement d\u00e9fendu le parcours et l&rsquo;\u00e9thique d&rsquo;Amadou B\u00e2, le qualifiant de choix \u00ab logique \u00bb et \u00ab id\u00e9al \u00bb pour l&rsquo;avenir.<\/strong><\/p>\n\n\n\n<p><strong>L\u2019int\u00e9gralit\u00e9 de leur communiqu\u00e9 :<\/strong><\/p>\n\n\n\n<p>Ce samedi 26 ao\u00fbt 2023 , le comit\u00e9 directeur du mouvement Synergie des Forces R\u00e9publicaines pour le D\u00e9veloppement s&rsquo;est r\u00e9uni \u00e0 Ndoffane sous la pr\u00e9sence de ses responsables d\u00e9partementaux (Kaolack et Nioro).<\/p>\n\n\n\n<p>Le Mouvement SYFORD f\u00e9licite par cette occasion SEM Macky Sall de sa d\u00e9cision historique de ne pas briguer un troisi\u00e8me mandat. Dans ce m\u00eame sillage,\u00a0 il invite le Pr\u00e9sident Macky SALL \u00e0 suivre la volont\u00e9 du peuple sur le choix du chevalier id\u00e9al du BBY qui repose sans doute sur la personne du PM Amadou Ba. Car \u00e9tant un grand commis d&rsquo;\u00e9tat, il incarne le meilleur profil pour unir la mouvance pr\u00e9sidentielle vers une victoire \u00e9clatante de la pr\u00e9sidentielle de 2024. Le PM Amadou B\u00e2 de par sa loyaut\u00e9 infaillible envers l&rsquo;\u00e9tat et surtout envers SEM Macky SALL avec son exp\u00e9rience dans la gestion des affaires administratives de l&rsquo;Etat font de lui un v\u00e9ritable homme d&rsquo;Etat avec un parcours \u00e9logieux et enviable tels que :<br>-Formateur \u00e0 la prestigieuse \u00e9cole de l&rsquo;ENA\u00a0<br>-DG des imp\u00f4ts et domaines\u00a0<br>-Pionnier des r\u00e9formes du code g\u00e9n\u00e9ral des imp\u00f4ts\u00a0<br>-Ministre de l&rsquo;Economie et des Finances\u00a0<br>-Artisan principal du PSE et des deux emprunts obligataires.\u00a0<br>-Ministre des Affaires \u00e9trang\u00e8res\u00a0<br>-Sa nomination \u00e0 la Primature en septembre 2022 vient parachever son parcours exceptionnel.\u00a0<br>Depuis son adh\u00e9sion dans l&rsquo;APR , il n&rsquo;a jamais cess\u00e9 de prouver sa loyaut\u00e9 et son engagement dans\u00a0 le parti . C&rsquo;est ce qui explique toutes les \u00e9lections remport\u00e9es \u00e0 Dakar sous sa coordination.\u00a0Sur ce ,nous lan\u00e7ons un appel solennel \u00e0 toute la majorit\u00e9 pr\u00e9sidentielle ainsi qu&rsquo;aux citoyens imbus de valeurs r\u00e9publicaines \u00e0 s&rsquo;unir autour du futur candidat choisi par le Pr\u00e9sident Macky SALL pour la mat\u00e9rialisation d&rsquo;une victoire \u00e9clatante au soir du 25 f\u00e9vrier 2024 afin d&rsquo;assurer la continuit\u00e9 du PSE.<br>Maintenant pour r\u00e9pondre aux d\u00e9tracteurs du PM Amadou Ba comme le sieur Mamadou Lamine Diallo toujours dans son cynisme naturel sans pour autant leur accorder une once de cr\u00e9dibilit\u00e9 car ils constituent de v\u00e9ritables loosers en qu\u00eate d&rsquo;une audience ,nous leur disons tout simplement que Monsieur Amadou B\u00e2 n&rsquo;est pas dans le jeu de la m\u00e9t\u00e9o politique ou dans les d\u00e9bats st\u00e9riles . Par contre nous tenons \u00e0 leur rappeler que le PM fait partie des rares hommes d&rsquo;Etat qui n&rsquo;ont jamais \u00e9t\u00e9 \u00e9pingl\u00e9s par un quelconque rapport. Partout o\u00f9 il \u00e9tait de passage sa gestion \u00e9tait transparente, efficiente et efficace.\u00a0<br>Eu \u00e9gard de tout cela , le mouvement Synergie des Forces R\u00e9publicaines pour le D\u00e9veloppement portant en son sein des femmes et des jeunes imbus de valeurs r\u00e9publicaines s&rsquo;engage \u00e0 mouiller le maillot pour accompagner leur candidat Amadou B\u00e2 qui demeure le choix id\u00e9al et logique .\u00c9thique-Engagement-Synergie\u00a0Le Mouvement Synergie des Forces R\u00e9publicaines pour le D\u00e9veloppement<\/p>\n\n\n\n<p>Source &#8211; seneweb<\/p>\n","protected":false},"excerpt":{"rendered":"<p>Le Mouvement Synergie des Forces R\u00e9publicaines pour le D\u00e9veloppement a tenu sa r\u00e9union samedi \u00e0 Ndoffane, avec la participation des<\/p>\n","protected":false},"author":1,"featured_media":19894,"comment_status":"open","ping_status":"open","sticky":false,"template":"","format":"standard","meta":{"footnotes":""},"categories":[6],"tags":[],"class_list":["post-19893","post","type-post","status-publish","format-standard","has-post-thumbnail","hentry","category-politics"],"_links":{"self":[{"href":"https:\/\/dekkbi.com\/index.php?rest_route=\/wp\/v2\/posts\/19893","targetHints":{"allow":["GET"]}}],"collection":[{"href":"https:\/\/dekkbi.com\/index.php?rest_route=\/wp\/v2\/posts"}],"about":[{"href":"https:\/\/dekkbi.com\/index.php?rest_route=\/wp\/v2\/types\/post"}],"author":[{"embeddable":true,"href":"https:\/\/dekkbi.com\/index.php?rest_route=\/wp\/v2\/users\/1"}],"replies":[{"embeddable":true,"href":"https:\/\/dekkbi.com\/index.php?rest_route=%2Fwp%2Fv2%2Fcomments&post=19893"}],"version-history":[{"count":1,"href":"https:\/\/dekkbi.com\/index.php?rest_route=\/wp\/v2\/posts\/19893\/revisions"}],"predecessor-version":[{"id":19895,"href":"https:\/\/dekkbi.com\/index.php?rest_route=\/wp\/v2\/posts\/19893\/revisions\/19895"}],"wp:featuredmedia":[{"embeddable":true,"href":"https:\/\/dekkbi.com\/index.php?rest_route=\/wp\/v2\/media\/19894"}],"wp:attachment":[{"href":"https:\/\/dekkbi.com\/index.php?rest_route=%2Fwp%2Fv2%2Fmedia&parent=19893"}],"wp:term":[{"taxonomy":"category","embeddable":true,"href":"https:\/\/dekkbi.com\/index.php?rest_route=%2Fwp%2Fv2%2Fcategories&post=19893"},{"taxonomy":"post_tag","embeddable":true,"href":"https:\/\/dekkbi.com\/index.php?rest_route=%2Fwp%2Fv2%2Ftags&post=19893"}],"curies":[{"name":"wp","href":"https:\/\/api.w.org\/{rel}","templated":true}]}}