{"id":19803,"date":"2023-08-26T19:56:12","date_gmt":"2023-08-26T19:56:12","guid":{"rendered":"https:\/\/dekkbi.com\/?p=19803"},"modified":"2023-08-26T19:56:12","modified_gmt":"2023-08-26T19:56:12","slug":"larabie-saoudite-hote-de-la-finale-de-la-super-coupe-caf-le-15-septembre","status":"publish","type":"post","link":"https:\/\/dekkbi.com\/?p=19803","title":{"rendered":"L\u2019Arabie Saoudite, h\u00f4te de la finale de la Super Coupe CAF, le 15 septembre\u00a0"},"content":{"rendered":"\n<p>Dakar, (APS) \u2013 L\u2019Arabie Saoudite va accueillir, le 15 septembre prochain, la finale de la Super Coupe de la Conf\u00e9d\u00e9ration africaine de football (CAF) devant opposer Al Ahly SC de l\u2019\u00c9gypte et l\u2019Union sportive de la M\u00e9dina d\u2019Alger (USMA), a appris l\u2019APS d\u2019un communiqu\u00e9 de la CAF publi\u00e9, samedi.Le match se d\u00e9roulera dans la ville de Taif, au stade King Fahd, et opposera le vainqueur de la Ligue des Champions CAF (Al Ahly) et celui de la Coupe de la Conf\u00e9d\u00e9ration (USMA).<\/p>\n\n\n\n<p>L\u2019\u00e9quipe \u00e9gyptienne a remport\u00e9, cette ann\u00e9e, pour la onzi\u00e8me fois la Ligue des champions CAF. Le club alg\u00e9rien a d\u00e9croch\u00e9 son premier titre de Coupe de la Conf\u00e9d\u00e9ration.La CAF s\u2019est dit \u00ab heureuse d\u2019emmener la Super Coupe de la CAF sur un nouveau territoire, l\u2019Arabie Saoudite, un pays qui a fait des progr\u00e8s significatifs dans le football mondial \u00bb, selon son Secr\u00e9taire g\u00e9n\u00e9ral, V\u00e9ron Mosengo-Omba<\/p>\n\n\n\n<p>\u00bbLe football africain se classe parmi les meilleurs au monde \u00e0 l\u2019heure actuelle, et il est normal qu\u2019\u00e0 une \u00e9poque o\u00f9 de nombreuses stars internationales se rendent en Arabie saoudite, le football africain fasse \u00e9galement partie de ce mouvement \u00bb, a-t-il dit. \u00bbNotre collaboration avec la CAF pour l\u2019organisation de cet \u00e9v\u00e9nement illustre notre engagement \u00e0 nous associer \u00e0 la CAF pour l\u2019organisation d\u2019\u00e9v\u00e9nements et de matchs, conform\u00e9ment \u00e0 notre partenariat existant \u00bb, a d\u00e9clar\u00e9 le Secr\u00e9taire g\u00e9n\u00e9ral de la Saudi Arabian Football Federation (SAFF), Ibrahim Alkassim<\/p>\n\n\n\n<p>La CAF et la SAFF ont sign\u00e9, en d\u00e9but d\u2019ann\u00e9e, un protocole d\u2019accord d\u2019une dur\u00e9e de cinq ans visant \u00e0 accueillir des comp\u00e9titions et \u00e0 favoriser le d\u00e9veloppement technique et footballistique au niveau des clubs, des \u00e9quipes nationales, du football f\u00e9minin et l\u2019identification des talents.SK\/OID<\/p>\n","protected":false},"excerpt":{"rendered":"<p>Dakar, (APS) \u2013 L\u2019Arabie Saoudite va accueillir, le 15 septembre prochain, la finale de la Super Coupe de la Conf\u00e9d\u00e9ration<\/p>\n","protected":false},"author":1,"featured_media":19804,"comment_status":"open","ping_status":"open","sticky":false,"template":"","format":"standard","meta":{"footnotes":""},"categories":[9],"tags":[],"class_list":["post-19803","post","type-post","status-publish","format-standard","has-post-thumbnail","hentry","category-sports"],"_links":{"self":[{"href":"https:\/\/dekkbi.com\/index.php?rest_route=\/wp\/v2\/posts\/19803","targetHints":{"allow":["GET"]}}],"collection":[{"href":"https:\/\/dekkbi.com\/index.php?rest_route=\/wp\/v2\/posts"}],"about":[{"href":"https:\/\/dekkbi.com\/index.php?rest_route=\/wp\/v2\/types\/post"}],"author":[{"embeddable":true,"href":"https:\/\/dekkbi.com\/index.php?rest_route=\/wp\/v2\/users\/1"}],"replies":[{"embeddable":true,"href":"https:\/\/dekkbi.com\/index.php?rest_route=%2Fwp%2Fv2%2Fcomments&post=19803"}],"version-history":[{"count":1,"href":"https:\/\/dekkbi.com\/index.php?rest_route=\/wp\/v2\/posts\/19803\/revisions"}],"predecessor-version":[{"id":19805,"href":"https:\/\/dekkbi.com\/index.php?rest_route=\/wp\/v2\/posts\/19803\/revisions\/19805"}],"wp:featuredmedia":[{"embeddable":true,"href":"https:\/\/dekkbi.com\/index.php?rest_route=\/wp\/v2\/media\/19804"}],"wp:attachment":[{"href":"https:\/\/dekkbi.com\/index.php?rest_route=%2Fwp%2Fv2%2Fmedia&parent=19803"}],"wp:term":[{"taxonomy":"category","embeddable":true,"href":"https:\/\/dekkbi.com\/index.php?rest_route=%2Fwp%2Fv2%2Fcategories&post=19803"},{"taxonomy":"post_tag","embeddable":true,"href":"https:\/\/dekkbi.com\/index.php?rest_route=%2Fwp%2Fv2%2Ftags&post=19803"}],"curies":[{"name":"wp","href":"https:\/\/api.w.org\/{rel}","templated":true}]}}