{"id":19714,"date":"2023-08-25T09:45:51","date_gmt":"2023-08-25T09:45:51","guid":{"rendered":"https:\/\/dekkbi.com\/?p=19714"},"modified":"2023-08-25T09:45:53","modified_gmt":"2023-08-25T09:45:53","slug":"interdiction-systematique-des-rassemblements-plus-de-trois-mois-sans-autorisation-dune-manifestation-dopposants","status":"publish","type":"post","link":"https:\/\/dekkbi.com\/?p=19714","title":{"rendered":"Interdiction syst\u00e9matique des rassemblements : Plus de trois mois sans autorisation d\u2019une manifestation d\u2019opposants"},"content":{"rendered":"\n<h3 class=\"wp-block-heading\">Depuis le coup d\u2019\u00e9clat du F24 \u00e0 la place de la Nation en mai dernier, les manifestations politiques de l\u2019opposition s\u00e9n\u00e9galaise ont beaucoup de mal \u00e0 obtenir l\u2019autorisation des autorit\u00e9s pr\u00e9fectorales.<\/h3>\n\n\n\n<p>12 mai 2023, 24 ao\u00fbt 2023. Plus de trois mois se sont \u00e9coul\u00e9s depuis le dernier rassemblement d\u2019envergure de l\u2019opposition s\u00e9n\u00e9galaise autoris\u00e9e par les autorit\u00e9s \u00e0 Dakar. Le week-end dernier, de nouvelles demandes de manifestations ont \u00e9t\u00e9 introduites par l\u2019initiative Chemin de la Lib\u00e9ration avec, comme la semaine derni\u00e8re, de fortes chances qu\u2019elles soient interdites.<\/p>\n\n\n\n<p>Entre la libert\u00e9 de manifestation garantie par la Constitution et les troubles \u00e0 l\u2019ordre public souvent servis par les autorit\u00e9s territoriales pour interdire ce droit fondamental, l\u2019espace public s\u00e9n\u00e9galais a perdu de sa superbe. Ce fut la plateforme des forces vives de la Nation F24, qui regroupe plus d\u2019une centaine de partis et d\u2019organisations de la soci\u00e9t\u00e9 civile qui avait tenu, le vendredi 12 mai, un rassemblement \u00e0 la place de la Nation pour sauver la d\u00e9mocratie s\u00e9n\u00e9galaise.<\/p>\n\n\n\n<p>Les grands points furent : la non-candidature du pr\u00e9sident de la R\u00e9publique Macky Sall pour un troisi\u00e8me mandat, la lib\u00e9ration de 300 d\u00e9tenus dits politiques (\u00e0 l\u2019\u00e9poque), des \u00e9lections inclusives et transparentes, et la modification du Code \u00e9lectoral qui exclut des candidats condamn\u00e9s en justice. Cette manifestation fut autoris\u00e9e quelques heures avant sa tenue. Et les demandes suivantes de la plateforme ont \u00e9t\u00e9 interdites, suite \u00e0 la d\u00e9cision du pr\u00e9fet de Dakar de ne pas accorder les manifestations programm\u00e9es \u00e0 Dakar entre le 9 et le 15 juin 2023.<\/p>\n\n\n\n<p>Depuis lors, les autorisations de manifestation n\u2019ont plus prosp\u00e9r\u00e9. Face \u00e0 la clameur populaire, le pr\u00e9sident Macky Sall a appel\u00e9 \u00e0 un dialogue politique et renonc\u00e9, en d\u00e9but juillet, \u00e0 une troisi\u00e8me candidature pour la Pr\u00e9sidentielle 2024. De plus, une modification du Code \u00e9lectoral a \u00e9t\u00e9 vot\u00e9e \u00e0 l\u2019Assembl\u00e9e nationale actant le retour des deux opposants Karim Wade et Khalifa Sall bannis du jeu \u00e9lectoral par des condamnations judiciaires. Si deux exigences du F24 ont \u00e9t\u00e9 satisfaites, la situation sur les deux autres a empir\u00e9.<\/p>\n\n\n\n<p>Sur l\u2019organisation d\u2019\u00e9lections inclusives, l\u2019opposant le plus en vue a \u00e9t\u00e9 plac\u00e9 de force en r\u00e9sidence surveill\u00e9e, avant d&rsquo;\u00eatre arr\u00eat\u00e9 et son parti dissous. Les arrestations d\u2019opposants et de proches du d\u00e9sormais ex-Pastef se sont multipli\u00e9es, faisant aujourd\u2019hui plus de 1 000 d\u00e9tenus, selon les opposants. C\u2019est ce motif qui a \u00e9t\u00e9 avanc\u00e9 par l\u2019initiative<\/p>\n\n\n\n<p>Chemin de la Lib\u00e9ration pour annoncer 19 manifestations pacifiques pr\u00e9vues ce week-end au S\u00e9n\u00e9gal. Dans un communiqu\u00e9, l\u2019initiative informe que des lettres ont \u00e9t\u00e9 adress\u00e9es \u201caux pr\u00e9fets de 19 d\u00e9partements du S\u00e9n\u00e9gal les informant de l&rsquo;organisation de manifestations pacifiques pr\u00e9vues pour le week-end des 26 et 27 ao\u00fbt 2023\u201d.<br>Avec EnQuete<\/p>\n","protected":false},"excerpt":{"rendered":"<p>Depuis le coup d\u2019\u00e9clat du F24 \u00e0 la place de la Nation en mai dernier, les manifestations politiques de l\u2019opposition<\/p>\n","protected":false},"author":1,"featured_media":13641,"comment_status":"open","ping_status":"open","sticky":false,"template":"","format":"standard","meta":{"footnotes":""},"categories":[21],"tags":[],"class_list":["post-19714","post","type-post","status-publish","format-standard","has-post-thumbnail","hentry","category-societe"],"_links":{"self":[{"href":"https:\/\/dekkbi.com\/index.php?rest_route=\/wp\/v2\/posts\/19714","targetHints":{"allow":["GET"]}}],"collection":[{"href":"https:\/\/dekkbi.com\/index.php?rest_route=\/wp\/v2\/posts"}],"about":[{"href":"https:\/\/dekkbi.com\/index.php?rest_route=\/wp\/v2\/types\/post"}],"author":[{"embeddable":true,"href":"https:\/\/dekkbi.com\/index.php?rest_route=\/wp\/v2\/users\/1"}],"replies":[{"embeddable":true,"href":"https:\/\/dekkbi.com\/index.php?rest_route=%2Fwp%2Fv2%2Fcomments&post=19714"}],"version-history":[{"count":1,"href":"https:\/\/dekkbi.com\/index.php?rest_route=\/wp\/v2\/posts\/19714\/revisions"}],"predecessor-version":[{"id":19715,"href":"https:\/\/dekkbi.com\/index.php?rest_route=\/wp\/v2\/posts\/19714\/revisions\/19715"}],"wp:featuredmedia":[{"embeddable":true,"href":"https:\/\/dekkbi.com\/index.php?rest_route=\/wp\/v2\/media\/13641"}],"wp:attachment":[{"href":"https:\/\/dekkbi.com\/index.php?rest_route=%2Fwp%2Fv2%2Fmedia&parent=19714"}],"wp:term":[{"taxonomy":"category","embeddable":true,"href":"https:\/\/dekkbi.com\/index.php?rest_route=%2Fwp%2Fv2%2Fcategories&post=19714"},{"taxonomy":"post_tag","embeddable":true,"href":"https:\/\/dekkbi.com\/index.php?rest_route=%2Fwp%2Fv2%2Ftags&post=19714"}],"curies":[{"name":"wp","href":"https:\/\/api.w.org\/{rel}","templated":true}]}}