{"id":19638,"date":"2023-08-24T10:04:23","date_gmt":"2023-08-24T10:04:23","guid":{"rendered":"https:\/\/dekkbi.com\/?p=19638"},"modified":"2023-08-24T10:04:24","modified_gmt":"2023-08-24T10:04:24","slug":"rencontre-entre-le-president-macky-sall-et-le-president-xi-jinping-au-sommet-des-brics-le-senegal-est-la-perle-de-lafrique-de-louest","status":"publish","type":"post","link":"https:\/\/dekkbi.com\/?p=19638","title":{"rendered":"Rencontre entre le Pr\u00e9sident Macky Sall et le Pr\u00e9sident XI Jinping au sommet des BRICS : \u00abLe S\u00e9n\u00e9gal est la perle de l\u2019Afrique de l\u2019Ouest\u00bb"},"content":{"rendered":"\n<p>\u00ab Le S\u00e9n\u00e9gal est la perle de l\u2019Afrique de l\u2019Ouest \u00bb. C\u2019est ce qu\u2019a affirm\u00e9 le Pr\u00e9sident chinois dans ses propos liminaires lors de sa rencontre avec le Macky Sall aujourd\u2019hui, avec le Pr\u00e9sident Sall au sommet des BRICS \u00e0 Johannesburg. Le Pr\u00e9sident chinois s\u2019est particuli\u00e8rement r\u00e9joui de la vitalit\u00e9 de la coop\u00e9ration entre les pays mais aussi de son amiti\u00e9 avec le Pr\u00e9sident Sall, avant de s\u2019engager \u00e0 renforcer les liens multiformes entre les deux pays. La Chine est aujourd\u2019hui la premi\u00e8re destination de l\u2019arachide s\u00e9n\u00e9galaise et en dix ans, le volume de la coop\u00e9ration a \u00e9t\u00e9 multipli\u00e9 par quatre.<\/p>\n\n\n\n<p>La Chine s\u2019est engag\u00e9e sur plusieurs projets d\u2019infrastructures comme l\u2019autoroute Mbour-Fatick-Kaolack et la phase 2 du parc industriel de Diamniadio.<\/p>\n\n\n\n<p>Le Pr\u00e9sident Sall quant \u00e0 lui, a remerci\u00e9 son homologue Chinois pour son soutien \u00e0 l\u2019int\u00e9gration de l\u2019Afrique au G20 et s\u2019est f\u00e9licit\u00e9 du dynamisme de la coop\u00e9ration chinoise incarn\u00e9 par le FOCAC (forum de coop\u00e9ration Afrique Chine) de 2018.<br><\/p>\n\n\n\n<figure class=\"wp-block-image\"><a href=\"javascript:void(0)\"><img decoding=\"async\" src=\"https:\/\/www.leral.net\/photo\/art\/default\/74767459-51987899.jpg?v=1692814719\" alt=\"Rencontre entre le Pr\u00e9sident Macky Sall et le Pr\u00e9sident XI Jinping au sommet des BRICS : \u00abLe S\u00e9n\u00e9gal est la perle de l\u2019Afrique de l\u2019Ouest\u00bb\" title=\"Rencontre entre le Pr\u00e9sident Macky Sall et le Pr\u00e9sident XI Jinping au sommet des BRICS : \u00abLe S\u00e9n\u00e9gal est la perle de l\u2019Afrique de l\u2019Ouest\u00bb\"\/><\/a><\/figure>\n\n\n\n<figure class=\"wp-block-image\"><a href=\"javascript:void(0)\"><img decoding=\"async\" src=\"https:\/\/www.leral.net\/photo\/art\/default\/74767459-51987903.jpg?v=1692814748\" alt=\"Rencontre entre le Pr\u00e9sident Macky Sall et le Pr\u00e9sident XI Jinping au sommet des BRICS : \u00abLe S\u00e9n\u00e9gal est la perle de l\u2019Afrique de l\u2019Ouest\u00bb\" title=\"Rencontre entre le Pr\u00e9sident Macky Sall et le Pr\u00e9sident XI Jinping au sommet des BRICS : \u00abLe S\u00e9n\u00e9gal est la perle de l\u2019Afrique de l\u2019Ouest\u00bb\"\/><\/a><\/figure>\n\n\n\n<figure class=\"wp-block-image\"><a href=\"javascript:void(0)\"><img decoding=\"async\" src=\"https:\/\/www.leral.net\/photo\/art\/default\/74767459-51987904.jpg?v=1692814778\" alt=\"Rencontre entre le Pr\u00e9sident Macky Sall et le Pr\u00e9sident XI Jinping au sommet des BRICS : \u00abLe S\u00e9n\u00e9gal est la perle de l\u2019Afrique de l\u2019Ouest\u00bb\" title=\"Rencontre entre le Pr\u00e9sident Macky Sall et le Pr\u00e9sident XI Jinping au sommet des BRICS : \u00abLe S\u00e9n\u00e9gal est la perle de l\u2019Afrique de l\u2019Ouest\u00bb\"\/><\/a><\/figure>\n\n\n\n<figure class=\"wp-block-image\"><a href=\"javascript:void(0)\"><img decoding=\"async\" src=\"https:\/\/www.leral.net\/photo\/art\/default\/74767459-51987917.jpg?v=1692814811\" alt=\"Rencontre entre le Pr\u00e9sident Macky Sall et le Pr\u00e9sident XI Jinping au sommet des BRICS : \u00abLe S\u00e9n\u00e9gal est la perle de l\u2019Afrique de l\u2019Ouest\u00bb\" title=\"Rencontre entre le Pr\u00e9sident Macky Sall et le Pr\u00e9sident XI Jinping au sommet des BRICS : \u00abLe S\u00e9n\u00e9gal est la perle de l\u2019Afrique de l\u2019Ouest\u00bb\"\/><\/a><\/figure>\n\n\n\n<figure class=\"wp-block-image\"><a href=\"javascript:void(0)\"><img decoding=\"async\" src=\"https:\/\/www.leral.net\/photo\/art\/default\/74767459-51987919.jpg?v=1692814846\" alt=\"Rencontre entre le Pr\u00e9sident Macky Sall et le Pr\u00e9sident XI Jinping au sommet des BRICS : \u00abLe S\u00e9n\u00e9gal est la perle de l\u2019Afrique de l\u2019Ouest\u00bb\" title=\"Rencontre entre le Pr\u00e9sident Macky Sall et le Pr\u00e9sident XI Jinping au sommet des BRICS : \u00abLe S\u00e9n\u00e9gal est la perle de l\u2019Afrique de l\u2019Ouest\u00bb\"\/><\/a><\/figure>\n\n\n\n<figure class=\"wp-block-image\"><a href=\"javascript:void(0)\"><img decoding=\"async\" src=\"https:\/\/www.leral.net\/photo\/art\/default\/74767459-51987923.jpg?v=1692814886\" alt=\"Rencontre entre le Pr\u00e9sident Macky Sall et le Pr\u00e9sident XI Jinping au sommet des BRICS : \u00abLe S\u00e9n\u00e9gal est la perle de l\u2019Afrique de l\u2019Ouest\u00bb\" title=\"Rencontre entre le Pr\u00e9sident Macky Sall et le Pr\u00e9sident XI Jinping au sommet des BRICS : \u00abLe S\u00e9n\u00e9gal est la perle de l\u2019Afrique de l\u2019Ouest\u00bb\"\/><\/a><\/figure>\n\n\n\n<figure class=\"wp-block-image\"><a href=\"javascript:void(0)\"><img decoding=\"async\" src=\"https:\/\/www.leral.net\/photo\/art\/default\/74767459-51987927.jpg?v=1692814935\" alt=\"Rencontre entre le Pr\u00e9sident Macky Sall et le Pr\u00e9sident XI Jinping au sommet des BRICS : \u00abLe S\u00e9n\u00e9gal est la perle de l\u2019Afrique de l\u2019Ouest\u00bb\" title=\"Rencontre entre le Pr\u00e9sident Macky Sall et le Pr\u00e9sident XI Jinping au sommet des BRICS : \u00abLe S\u00e9n\u00e9gal est la perle de l\u2019Afrique de l\u2019Ouest\u00bb\"\/><\/a><\/figure>\n\n\n\n<figure class=\"wp-block-image\"><a href=\"javascript:void(0)\"><img decoding=\"async\" src=\"https:\/\/www.leral.net\/photo\/art\/default\/74767459-51987933.jpg?v=1692814985\" alt=\"Rencontre entre le Pr\u00e9sident Macky Sall et le Pr\u00e9sident XI Jinping au sommet des BRICS : \u00abLe S\u00e9n\u00e9gal est la perle de l\u2019Afrique de l\u2019Ouest\u00bb\" title=\"Rencontre entre le Pr\u00e9sident Macky Sall et le Pr\u00e9sident XI Jinping au sommet des BRICS : \u00abLe S\u00e9n\u00e9gal est la perle de l\u2019Afrique de l\u2019Ouest\u00bb\"\/><\/a><\/figure>\n\n\n\n<figure class=\"wp-block-image\"><a href=\"javascript:void(0)\"><img decoding=\"async\" src=\"https:\/\/www.leral.net\/photo\/art\/default\/74767459-51987939.jpg?v=1692815033\" alt=\"Rencontre entre le Pr\u00e9sident Macky Sall et le Pr\u00e9sident XI Jinping au sommet des BRICS : \u00abLe S\u00e9n\u00e9gal est la perle de l\u2019Afrique de l\u2019Ouest\u00bb\" title=\"Rencontre entre le Pr\u00e9sident Macky Sall et le Pr\u00e9sident XI Jinping au sommet des BRICS : \u00abLe S\u00e9n\u00e9gal est la perle de l\u2019Afrique de l\u2019Ouest\u00bb\"\/><\/a><\/figure>\n\n\n\n<figure class=\"wp-block-image\"><a href=\"javascript:void(0)\"><img decoding=\"async\" src=\"https:\/\/www.leral.net\/photo\/art\/default\/74767459-51987944.jpg?v=1692815086\" alt=\"Rencontre entre le Pr\u00e9sident Macky Sall et le Pr\u00e9sident XI Jinping au sommet des BRICS : \u00abLe S\u00e9n\u00e9gal est la perle de l\u2019Afrique de l\u2019Ouest\u00bb\" title=\"Rencontre entre le Pr\u00e9sident Macky Sall et le Pr\u00e9sident XI Jinping au sommet des BRICS : \u00abLe S\u00e9n\u00e9gal est la perle de l\u2019Afrique de l\u2019Ouest\u00bb\"\/><\/a><\/figure>\n\n\n\n<figure class=\"wp-block-image\"><a href=\"javascript:void(0)\"><img decoding=\"async\" src=\"https:\/\/www.leral.net\/photo\/art\/default\/74767459-51987945.jpg?v=1692815143\" alt=\"Rencontre entre le Pr\u00e9sident Macky Sall et le Pr\u00e9sident XI Jinping au sommet des BRICS : \u00abLe S\u00e9n\u00e9gal est la perle de l\u2019Afrique de l\u2019Ouest\u00bb\" title=\"Rencontre entre le Pr\u00e9sident Macky Sall et le Pr\u00e9sident XI Jinping au sommet des BRICS : \u00abLe S\u00e9n\u00e9gal est la perle de l\u2019Afrique de l\u2019Ouest\u00bb\"\/><\/a><\/figure>\n\n\n\n<p>Source &#8211; L\u00e9ral<\/p>\n","protected":false},"excerpt":{"rendered":"<p>\u00ab Le S\u00e9n\u00e9gal est la perle de l\u2019Afrique de l\u2019Ouest \u00bb. C\u2019est ce qu\u2019a affirm\u00e9 le Pr\u00e9sident chinois dans ses<\/p>\n","protected":false},"author":1,"featured_media":19639,"comment_status":"open","ping_status":"open","sticky":false,"template":"","format":"standard","meta":{"footnotes":""},"categories":[6],"tags":[],"class_list":["post-19638","post","type-post","status-publish","format-standard","has-post-thumbnail","hentry","category-politics"],"_links":{"self":[{"href":"https:\/\/dekkbi.com\/index.php?rest_route=\/wp\/v2\/posts\/19638","targetHints":{"allow":["GET"]}}],"collection":[{"href":"https:\/\/dekkbi.com\/index.php?rest_route=\/wp\/v2\/posts"}],"about":[{"href":"https:\/\/dekkbi.com\/index.php?rest_route=\/wp\/v2\/types\/post"}],"author":[{"embeddable":true,"href":"https:\/\/dekkbi.com\/index.php?rest_route=\/wp\/v2\/users\/1"}],"replies":[{"embeddable":true,"href":"https:\/\/dekkbi.com\/index.php?rest_route=%2Fwp%2Fv2%2Fcomments&post=19638"}],"version-history":[{"count":1,"href":"https:\/\/dekkbi.com\/index.php?rest_route=\/wp\/v2\/posts\/19638\/revisions"}],"predecessor-version":[{"id":19640,"href":"https:\/\/dekkbi.com\/index.php?rest_route=\/wp\/v2\/posts\/19638\/revisions\/19640"}],"wp:featuredmedia":[{"embeddable":true,"href":"https:\/\/dekkbi.com\/index.php?rest_route=\/wp\/v2\/media\/19639"}],"wp:attachment":[{"href":"https:\/\/dekkbi.com\/index.php?rest_route=%2Fwp%2Fv2%2Fmedia&parent=19638"}],"wp:term":[{"taxonomy":"category","embeddable":true,"href":"https:\/\/dekkbi.com\/index.php?rest_route=%2Fwp%2Fv2%2Fcategories&post=19638"},{"taxonomy":"post_tag","embeddable":true,"href":"https:\/\/dekkbi.com\/index.php?rest_route=%2Fwp%2Fv2%2Ftags&post=19638"}],"curies":[{"name":"wp","href":"https:\/\/api.w.org\/{rel}","templated":true}]}}