{"id":19577,"date":"2023-08-23T12:23:11","date_gmt":"2023-08-23T12:23:11","guid":{"rendered":"https:\/\/dekkbi.com\/?p=19577"},"modified":"2023-08-23T12:23:11","modified_gmt":"2023-08-23T12:23:11","slug":"kaolack-800-elements-du-gmi-seront-mobilises-pour-le-gamou-de-medina-baye","status":"publish","type":"post","link":"https:\/\/dekkbi.com\/?p=19577","title":{"rendered":"Kaolack : 800 \u00e9l\u00e9ments du GMI seront mobilis\u00e9s pour le Gamou de M\u00e9dina Baye"},"content":{"rendered":"\n<p>Huit cents \u00e9l\u00e9ments du Groupement mobile d\u2019intervention (GMI) de la Police nationale seront mobilis\u00e9s pour assurer la s\u00e9curit\u00e9 des biens et des personnes lors du Gamou annuel de M\u00e9dina Baye pr\u00e9vu vers la fin du mois de septembre prochain, a annonc\u00e9 mardi le gouverneur de r\u00e9gion, Ousmane Kane. Selon lui, l\u2019essentiel du dispositif s\u00e9curitaire sera assur\u00e9 par la police, parce que nous sommes en zone de comp\u00e9tence pour ces \u00e9l\u00e9ments des forces de d\u00e9fense et de s\u00e9curit\u00e9. A ce niveau, la police, en rapport avec le GMI, va mobiliser 800 \u00e9l\u00e9ments et 500 barri\u00e8res. Et en amont, nous avons la gendarmerie nationale qui sera pr\u00e9sente sur tous les grands axes routiers qui m\u00e8nent vers Kaolack, a-t-il notamment signal\u00e9, rapporte L&rsquo;As.<\/p>\n\n\n\n<p>Les autres forces de d\u00e9fense et de s\u00e9curit\u00e9, notamment la douane, les eaux et for\u00eats, les sapeurs-pompiers ainsi que des agents de s\u00e9curit\u00e9 de proximit\u00e9 (ASP), seront mises \u00e0 contribution pour g\u00e9rer tous les aspects s\u00e9curitaires en amont et \u00e0 l\u2019int\u00e9rieur de la commune, a-t-il ajout\u00e9. Le chef de l\u2019ex\u00e9cutif r\u00e9gional s\u2019exprimait au cours d\u2019une r\u00e9union du Comit\u00e9 r\u00e9gional de d\u00e9veloppement(CRD) de Kaolack tenue dans la salle de conf\u00e9rence de la r\u00e9sidence Daarul Iman commun\u00e9ment appel\u00e9e \u2018\u2019Keur Gane\u2019\u2019 (Maison des h\u00f4tes, en wolof). Des membres du Comit\u00e9 d\u2019organisation des manifestations et activit\u00e9s de la Fayda (COMAF) et des diff\u00e9rents chefs de service r\u00e9gionaux impliqu\u00e9s dans l\u2019organisation de cet \u00e9v\u00e8nement religieux avaient pris part \u00e0 cette rencontre<\/p>\n\n\n\n<p>Source &#8211; L&rsquo;AS<\/p>\n","protected":false},"excerpt":{"rendered":"<p>Huit cents \u00e9l\u00e9ments du Groupement mobile d\u2019intervention (GMI) de la Police nationale seront mobilis\u00e9s pour assurer la s\u00e9curit\u00e9 des biens<\/p>\n","protected":false},"author":1,"featured_media":19578,"comment_status":"open","ping_status":"open","sticky":false,"template":"","format":"standard","meta":{"footnotes":""},"categories":[21],"tags":[],"class_list":["post-19577","post","type-post","status-publish","format-standard","has-post-thumbnail","hentry","category-societe"],"_links":{"self":[{"href":"https:\/\/dekkbi.com\/index.php?rest_route=\/wp\/v2\/posts\/19577","targetHints":{"allow":["GET"]}}],"collection":[{"href":"https:\/\/dekkbi.com\/index.php?rest_route=\/wp\/v2\/posts"}],"about":[{"href":"https:\/\/dekkbi.com\/index.php?rest_route=\/wp\/v2\/types\/post"}],"author":[{"embeddable":true,"href":"https:\/\/dekkbi.com\/index.php?rest_route=\/wp\/v2\/users\/1"}],"replies":[{"embeddable":true,"href":"https:\/\/dekkbi.com\/index.php?rest_route=%2Fwp%2Fv2%2Fcomments&post=19577"}],"version-history":[{"count":1,"href":"https:\/\/dekkbi.com\/index.php?rest_route=\/wp\/v2\/posts\/19577\/revisions"}],"predecessor-version":[{"id":19579,"href":"https:\/\/dekkbi.com\/index.php?rest_route=\/wp\/v2\/posts\/19577\/revisions\/19579"}],"wp:featuredmedia":[{"embeddable":true,"href":"https:\/\/dekkbi.com\/index.php?rest_route=\/wp\/v2\/media\/19578"}],"wp:attachment":[{"href":"https:\/\/dekkbi.com\/index.php?rest_route=%2Fwp%2Fv2%2Fmedia&parent=19577"}],"wp:term":[{"taxonomy":"category","embeddable":true,"href":"https:\/\/dekkbi.com\/index.php?rest_route=%2Fwp%2Fv2%2Fcategories&post=19577"},{"taxonomy":"post_tag","embeddable":true,"href":"https:\/\/dekkbi.com\/index.php?rest_route=%2Fwp%2Fv2%2Ftags&post=19577"}],"curies":[{"name":"wp","href":"https:\/\/api.w.org\/{rel}","templated":true}]}}