{"id":19565,"date":"2023-08-23T11:41:36","date_gmt":"2023-08-23T11:41:36","guid":{"rendered":"https:\/\/dekkbi.com\/?p=19565"},"modified":"2023-08-23T11:41:37","modified_gmt":"2023-08-23T11:41:37","slug":"basket-un-qatarien-a-la-tete-de-la-federation-internationale","status":"publish","type":"post","link":"https:\/\/dekkbi.com\/?p=19565","title":{"rendered":"Basket: un Qatarien \u00e0 la t\u00eate de la F\u00e9d\u00e9ration internationale"},"content":{"rendered":"\n<p>Le Qatarien cheikh Saud Ali Al-Thani a \u00e9t\u00e9 \u00e9lu nouveau pr\u00e9sident de la F\u00e9d\u00e9ration internationale de basket (FIBA), mercredi \u00e0 Manille, succ\u00e9dant pour un mandat de quatre ans au Malien Hamane Niang, a annonc\u00e9 la FIBA.<br>Cheikh Saud Ali Al-Thani, qui occupait le poste de vice-pr\u00e9sident de la F\u00e9d\u00e9ration internationale, est aussi \u00e0 la t\u00eate de la FIBA Asie depuis 2002 apr\u00e8s avoir pr\u00e9sid\u00e9 la f\u00e9d\u00e9ration quatarienne de basketball.<br>Il a \u00ab\u00a0\u00e9t\u00e9 \u00e9lu \u00e0 l&rsquo;unanimit\u00e9 des pr\u00e9sents\u00a0\u00bb au 22e Congr\u00e8s de la FIBA, a annonc\u00e9 cette derni\u00e8re, lanc\u00e9e depuis plusieurs ann\u00e9es vers une expansion en direction de l&rsquo;Asie et du Moyen-Orient.<\/p>\n\n\n\n<p>Source &#8211; seneweb<\/p>\n","protected":false},"excerpt":{"rendered":"<p>Le Qatarien cheikh Saud Ali Al-Thani a \u00e9t\u00e9 \u00e9lu nouveau pr\u00e9sident de la F\u00e9d\u00e9ration internationale de basket (FIBA), mercredi \u00e0<\/p>\n","protected":false},"author":1,"featured_media":19566,"comment_status":"open","ping_status":"open","sticky":false,"template":"","format":"standard","meta":{"footnotes":""},"categories":[9],"tags":[],"class_list":["post-19565","post","type-post","status-publish","format-standard","has-post-thumbnail","hentry","category-sports"],"_links":{"self":[{"href":"https:\/\/dekkbi.com\/index.php?rest_route=\/wp\/v2\/posts\/19565","targetHints":{"allow":["GET"]}}],"collection":[{"href":"https:\/\/dekkbi.com\/index.php?rest_route=\/wp\/v2\/posts"}],"about":[{"href":"https:\/\/dekkbi.com\/index.php?rest_route=\/wp\/v2\/types\/post"}],"author":[{"embeddable":true,"href":"https:\/\/dekkbi.com\/index.php?rest_route=\/wp\/v2\/users\/1"}],"replies":[{"embeddable":true,"href":"https:\/\/dekkbi.com\/index.php?rest_route=%2Fwp%2Fv2%2Fcomments&post=19565"}],"version-history":[{"count":1,"href":"https:\/\/dekkbi.com\/index.php?rest_route=\/wp\/v2\/posts\/19565\/revisions"}],"predecessor-version":[{"id":19567,"href":"https:\/\/dekkbi.com\/index.php?rest_route=\/wp\/v2\/posts\/19565\/revisions\/19567"}],"wp:featuredmedia":[{"embeddable":true,"href":"https:\/\/dekkbi.com\/index.php?rest_route=\/wp\/v2\/media\/19566"}],"wp:attachment":[{"href":"https:\/\/dekkbi.com\/index.php?rest_route=%2Fwp%2Fv2%2Fmedia&parent=19565"}],"wp:term":[{"taxonomy":"category","embeddable":true,"href":"https:\/\/dekkbi.com\/index.php?rest_route=%2Fwp%2Fv2%2Fcategories&post=19565"},{"taxonomy":"post_tag","embeddable":true,"href":"https:\/\/dekkbi.com\/index.php?rest_route=%2Fwp%2Fv2%2Ftags&post=19565"}],"curies":[{"name":"wp","href":"https:\/\/api.w.org\/{rel}","templated":true}]}}